{"id":43663,"date":"2024-10-07T11:45:45","date_gmt":"2024-10-07T14:45:45","guid":{"rendered":"https:\/\/www.almargenweb.com.ar\/web\/?p=43663"},"modified":"2024-10-07T11:51:12","modified_gmt":"2024-10-07T14:51:12","slug":"una-multitud-disfruto-de-un-espectaculo-de-jerarquia-en-las-fiestas-patronales-de-ambrosetti","status":"publish","type":"post","link":"https:\/\/www.almargenweb.com.ar\/web\/una-multitud-disfruto-de-un-espectaculo-de-jerarquia-en-las-fiestas-patronales-de-ambrosetti\/","title":{"rendered":"Una multitud disfrut\u00f3 de un espect\u00e1culo de jerarqu\u00eda en las Fiestas Patronales de Ambrosetti"},"content":{"rendered":"\n<p><em><strong>\u201cUn evento muy positivo, que genera un gran dinamismo en la comunidad y lo recaudado fortalece a las instituciones de bien p\u00fablico de la comunidad\u201d<\/strong><\/em><strong>, indic\u00f3 el senador Michlig.<\/strong><\/p>\n\n\n\n<p>La localidad de <strong>Ambrosetti<\/strong> celebr\u00f3 este s\u00e1bado el d\u00eda de su Santa Patrona, en honor a la <strong>Virgen del Rosario<\/strong> con m\u00faltiples actividades culturales y un multitudinario festival popular con la destacada actuaci\u00f3n de Lucio \u201cEl Indio\u201d Rojas, Efrain Colombo, Palmae, Somos Los Piratas, entre otros n\u00fameros art\u00edsticos locales y de la regi\u00f3n\u201d.<\/p>\n\n\n\n<p>Alrededor de 3000 personas se dieron cita en el predio <strong>\u201cEl Mangrullo\u201d<\/strong> de Ambrosetti para participar del jerarquizado evento, que cont\u00f3 con la presencia del Senador Provincial <strong>Felipe Michlig<\/strong>, el Diputado <strong>Marcelo Gonz\u00e1lez <\/strong>y la Pte. Comunal <strong>Dianela Michlig<\/strong>, adem\u00e1s de otras autoridades del <strong>departamento San Crist\u00f3bal<\/strong>.<\/p>\n\n\n\n<p class=\"has-medium-font-size\"><strong>\u201cNos sentimos muy reconfortados\u201d<\/strong><\/p>\n\n\n\n<p>A manera de balance, la <strong>Presidente Comunal Dianela Michlig<\/strong> indic\u00f3<\/p>\n\n\n\n<p class=\"has-text-align-center\"><em>\u201cque nos sentimos muy reconfortados con esta convocatoria de toda la regi\u00f3n y autoridades de otras <\/em>localidades que llegaron hasta nuestro pueblo a compartir un lindo momento\u201d.<\/p>\n\n\n\n<p class=\"has-text-align-center\"><em>\u201cAdem\u00e1s, desde lo institucional fue muy positivo porque estos eventos generan un gran dinamismo en la comunidad y todas las instituciones civiles que participan en la organizaci\u00f3n, con el manejo de los buffet se ven muy beneficiados, ya que todo lo que recaudan es para fortalecer sus fines de bien p\u00fablico, como en el caso de la parroquia de nuestro pueblo\u201d.<\/em><\/p>\n\n\n\n<figure class=\"wp-block-gallery has-nested-images columns-default is-cropped wp-block-gallery-1 is-layout-flex wp-block-gallery-is-layout-flex\">\n<figure class=\"wp-block-image size-large\"><img loading=\"lazy\" decoding=\"async\" width=\"1024\" height=\"614\" data-id=\"43666\" src=\"https:\/\/www.almargenweb.com.ar\/web\/wp-content\/uploads\/2024\/10\/patronales-ambrosetti-4-1024x614.jpg\" alt=\"\" class=\"wp-image-43666\" srcset=\"https:\/\/www.almargenweb.com.ar\/web\/wp-content\/uploads\/2024\/10\/patronales-ambrosetti-4-1024x614.jpg 1024w, https:\/\/www.almargenweb.com.ar\/web\/wp-content\/uploads\/2024\/10\/patronales-ambrosetti-4-300x180.jpg 300w, https:\/\/www.almargenweb.com.ar\/web\/wp-content\/uploads\/2024\/10\/patronales-ambrosetti-4-768x461.jpg 768w, https:\/\/www.almargenweb.com.ar\/web\/wp-content\/uploads\/2024\/10\/patronales-ambrosetti-4.jpg 1200w\" sizes=\"auto, (max-width: 1024px) 100vw, 1024px\" \/><\/figure>\n<\/figure>\n\n\n\n<p class=\"has-medium-font-size\"><strong>\u201cHermandad\u201d<\/strong><\/p>\n\n\n\n<p>Por su parte, el <strong>Senador Felipe Michlig<\/strong> agradeci\u00f3 <em>\u201cel acompa\u00f1amiento de todos los presentes y de los artistas\u201d al tiempo que felicit\u00f3 a \u201clos que trabajaron incesantemente en la organizaci\u00f3n para que todo salga muy bien\u201d.<\/em><\/p>\n\n\n\n<p class=\"has-text-align-center\"><em>\u201cEs otra gran oportunidad para que la comunidad toda se re\u00fana en torno a sus sentimientos comunes. En Ambrosetti, al igual que otras poblaciones de la regi\u00f3n, la convivencia gestada en el respeto ha sentado las s\u00f3lidas bases de un pueblo solidario y la consideraci\u00f3n hacia el pr\u00f3jimo, queremos que ese esquema de hermandad se repliqu\u00e9 en todas las esferas\u201d.<\/em><\/p>\n\n\n\n<p><em>\u201cAgradecemos muy especialmente los apoyos del Gobierno Provincial, de Loter\u00eda de la Provincia, que junto al esfuerzo que realizamos con el diputado Gonz\u00e1lez y el Gobierno Comunal se pudo concretar el evento que permite que todo lo recaudado por actividades varias sea en beneficio de la parroquia y otras instituciones de la localidad que trabajan a la par\u201d<\/em> remarc\u00f3 el Senador.<\/p>\n\n\n\n<figure class=\"wp-block-gallery has-nested-images columns-default is-cropped wp-block-gallery-2 is-layout-flex wp-block-gallery-is-layout-flex\">\n<figure class=\"wp-block-image size-large\"><img loading=\"lazy\" decoding=\"async\" width=\"1024\" height=\"614\" data-id=\"43668\" src=\"https:\/\/www.almargenweb.com.ar\/web\/wp-content\/uploads\/2024\/10\/patronales-ambrosetti-8-1024x614.jpg\" alt=\"\" class=\"wp-image-43668\" srcset=\"https:\/\/www.almargenweb.com.ar\/web\/wp-content\/uploads\/2024\/10\/patronales-ambrosetti-8-1024x614.jpg 1024w, https:\/\/www.almargenweb.com.ar\/web\/wp-content\/uploads\/2024\/10\/patronales-ambrosetti-8-300x180.jpg 300w, https:\/\/www.almargenweb.com.ar\/web\/wp-content\/uploads\/2024\/10\/patronales-ambrosetti-8-768x461.jpg 768w, https:\/\/www.almargenweb.com.ar\/web\/wp-content\/uploads\/2024\/10\/patronales-ambrosetti-8.jpg 1200w\" sizes=\"auto, (max-width: 1024px) 100vw, 1024px\" \/><\/figure>\n<\/figure>\n\n\n\n<p class=\"has-medium-font-size\"><strong>Actuaciones de jerarqu\u00eda<\/strong><\/p>\n\n\n\n<p>Desde la tardecita del s\u00e1bado, con el acompa\u00f1amiento de excelentes condiciones clim\u00e1ticas, el p\u00fablico local y de la regi\u00f3n se fue acomodando con sus sillones y conservadoras para disfrutar del espect\u00e1culo que cont\u00f3 con la siguiente programaci\u00f3n:<\/p>\n\n\n\n<p>Actuaci\u00f3n del Grupo F\u00e9nix Dance, el <strong>Ballet Comunal \u201cFlor del Ceibo\u201d<\/strong>, <strong>Marisol Ocampo<\/strong>, <strong>Efrain Colombo<\/strong>, <strong>Marina Cornejo<\/strong>, <strong>Somos Los Piratas<\/strong>, <strong>Palmae<\/strong> y la estelar presentaci\u00f3n del <strong>Indio Lucio Rojas<\/strong>, adem\u00e1s con el acompa\u00f1amiento musical de <strong>DJ Nico Rivero.<\/strong><\/p>\n\n\n\n<figure class=\"wp-block-gallery has-nested-images columns-default is-cropped wp-block-gallery-3 is-layout-flex wp-block-gallery-is-layout-flex\">\n<figure class=\"wp-block-image size-large\"><img loading=\"lazy\" decoding=\"async\" width=\"1024\" height=\"614\" data-id=\"43669\" src=\"https:\/\/www.almargenweb.com.ar\/web\/wp-content\/uploads\/2024\/10\/patronales-ambrosetti-7-1024x614.jpg\" alt=\"\" class=\"wp-image-43669\" srcset=\"https:\/\/www.almargenweb.com.ar\/web\/wp-content\/uploads\/2024\/10\/patronales-ambrosetti-7-1024x614.jpg 1024w, https:\/\/www.almargenweb.com.ar\/web\/wp-content\/uploads\/2024\/10\/patronales-ambrosetti-7-300x180.jpg 300w, https:\/\/www.almargenweb.com.ar\/web\/wp-content\/uploads\/2024\/10\/patronales-ambrosetti-7-768x461.jpg 768w, https:\/\/www.almargenweb.com.ar\/web\/wp-content\/uploads\/2024\/10\/patronales-ambrosetti-7.jpg 1200w\" sizes=\"auto, (max-width: 1024px) 100vw, 1024px\" \/><\/figure>\n<\/figure>\n<!-- AddThis Advanced Settings generic via filter on the_content --><!-- AddThis Share Buttons generic via filter on the_content -->","protected":false},"excerpt":{"rendered":"<p>\u201cUn evento muy positivo, que genera un gran dinamismo en la comunidad y lo recaudado fortalece [&hellip;]<!-- AddThis Advanced Settings generic via filter on get_the_excerpt --><!-- AddThis Share Buttons generic via filter on get_the_excerpt --><\/p>\n","protected":false},"author":17,"featured_media":43667,"comment_status":"closed","ping_status":"open","sticky":false,"template":"","format":"standard","meta":{"_seopress_robots_primary_cat":"none","_seopress_titles_title":"","_seopress_titles_desc":"","_seopress_robots_index":"","_themeisle_gutenberg_block_has_review":false,"footnotes":""},"categories":[28,321],"tags":[950,616,598,340],"class_list":["post-43663","post","type-post","status-publish","format-standard","has-post-thumbnail","hentry","category-fiestas","category-san-cristobal","tag-ambrosetti","tag-felipe-michlig","tag-san-cristobal-2","tag-senador"],"_links":{"self":[{"href":"https:\/\/www.almargenweb.com.ar\/web\/wp-json\/wp\/v2\/posts\/43663","targetHints":{"allow":["GET"]}}],"collection":[{"href":"https:\/\/www.almargenweb.com.ar\/web\/wp-json\/wp\/v2\/posts"}],"about":[{"href":"https:\/\/www.almargenweb.com.ar\/web\/wp-json\/wp\/v2\/types\/post"}],"author":[{"embeddable":true,"href":"https:\/\/www.almargenweb.com.ar\/web\/wp-json\/wp\/v2\/users\/17"}],"replies":[{"embeddable":true,"href":"https:\/\/www.almargenweb.com.ar\/web\/wp-json\/wp\/v2\/comments?post=43663"}],"version-history":[{"count":2,"href":"https:\/\/www.almargenweb.com.ar\/web\/wp-json\/wp\/v2\/posts\/43663\/revisions"}],"predecessor-version":[{"id":43671,"href":"https:\/\/www.almargenweb.com.ar\/web\/wp-json\/wp\/v2\/posts\/43663\/revisions\/43671"}],"wp:featuredmedia":[{"embeddable":true,"href":"https:\/\/www.almargenweb.com.ar\/web\/wp-json\/wp\/v2\/media\/43667"}],"wp:attachment":[{"href":"https:\/\/www.almargenweb.com.ar\/web\/wp-json\/wp\/v2\/media?parent=43663"}],"wp:term":[{"taxonomy":"category","embeddable":true,"href":"https:\/\/www.almargenweb.com.ar\/web\/wp-json\/wp\/v2\/categories?post=43663"},{"taxonomy":"post_tag","embeddable":true,"href":"https:\/\/www.almargenweb.com.ar\/web\/wp-json\/wp\/v2\/tags?post=43663"}],"curies":[{"name":"wp","href":"https:\/\/api.w.org\/{rel}","templated":true}]}}