{"id":43623,"date":"2024-09-30T11:58:09","date_gmt":"2024-09-30T14:58:09","guid":{"rendered":"https:\/\/www.almargenweb.com.ar\/web\/?p=43623"},"modified":"2024-09-30T11:58:11","modified_gmt":"2024-09-30T14:58:11","slug":"en-suardi-villa-trinidad-capivara-y-soledad-17-instituciones-recibieron-apoyo-gubernamental-del-senador-michlig","status":"publish","type":"post","link":"https:\/\/www.almargenweb.com.ar\/web\/en-suardi-villa-trinidad-capivara-y-soledad-17-instituciones-recibieron-apoyo-gubernamental-del-senador-michlig\/","title":{"rendered":"En Suardi, Villa Trinidad, Capivara y Soledad 17 instituciones recibieron apoyo gubernamental del Senador Michlig"},"content":{"rendered":"\n<p><strong>A su vez, otras 15 instituciones de Colonia Rosa y San Guillermo recibieron aportes legislativos del Programa de Fortalecimiento Institucional para objetivos de bien com\u00fan.<\/strong><\/p>\n\n\n\n<p>En la segunda etapa de la recorrida por localidades del <strong>departamento San Crist\u00f3bal<\/strong> el <strong>Senador Felipe Michlig<\/strong> y el <strong>Diputado Marcelo Gonz\u00e1lez<\/strong> visitaron las localidades de Suardi, Villa Trinidad, Capivara y Soledad a fin de proceder a la entrega de aportes gubernamentales del <strong>Fondo para la Atenci\u00f3n de Necesidades Inmediatas (FANI)<\/strong> y del <strong>Programa de Fortalecimiento Institucional (PFI)<\/strong> de la <strong>C\u00e1mara de Senadores<\/strong>, con el objetivo de continuar apoyando proyectos de bien com\u00fan.<\/p>\n\n\n\n<p>El <strong>senador Felipe Michlig<\/strong> se refiri\u00f3 a la importancia de que <em>\u201cestos aportes lleguen para contribuir al desarrollo integral de nuestras instituciones, fortaleciendo la educaci\u00f3n, el deporte y el trabajo comunitario en beneficio de toda la regi\u00f3n\u201d<\/em>. Destacando que <em>\u201cen la fecha m\u00e1s de 30 instituciones p\u00fablicas y privadas recibieron por distintos conceptos estas ayudas gubernamentales que gestionamos junto a todo el equipo de trabajo departamental\u201d.<\/em><\/p>\n\n\n\n<p class=\"has-medium-font-size\"><strong>JUNTO A INSTITUCIONES DE SUARDI<\/strong><\/p>\n\n\n\n<p>En la <strong>Escuela N\u00ba 8091 \u201cJos\u00e9 M. Estrada\u201d<\/strong> de la ciudad de <strong>Suardi<\/strong> los legisladores junto al delegado Regional de Educaci\u00f3n <strong>Horacio Rigo<\/strong>, el intendente de Suardi <strong>Hugo Boscarol<\/strong>, miembros de su gabinete, concejales locales, representantes de las instituciones y de la prensa se entregaron recursos a los siguientes beneficiarios:<\/p>\n\n\n\n<figure class=\"wp-block-gallery has-nested-images columns-default is-cropped wp-block-gallery-1 is-layout-flex wp-block-gallery-is-layout-flex\">\n<figure class=\"wp-block-image size-large\"><img loading=\"lazy\" decoding=\"async\" width=\"1024\" height=\"614\" data-id=\"43629\" src=\"https:\/\/www.almargenweb.com.ar\/web\/wp-content\/uploads\/2024\/09\/aportes-suardi-1-1024x614.jpg\" alt=\"\" class=\"wp-image-43629\" srcset=\"https:\/\/www.almargenweb.com.ar\/web\/wp-content\/uploads\/2024\/09\/aportes-suardi-1-1024x614.jpg 1024w, https:\/\/www.almargenweb.com.ar\/web\/wp-content\/uploads\/2024\/09\/aportes-suardi-1-300x180.jpg 300w, https:\/\/www.almargenweb.com.ar\/web\/wp-content\/uploads\/2024\/09\/aportes-suardi-1-768x461.jpg 768w, https:\/\/www.almargenweb.com.ar\/web\/wp-content\/uploads\/2024\/09\/aportes-suardi-1.jpg 1200w\" sizes=\"auto, (max-width: 1024px) 100vw, 1024px\" \/><\/figure>\n<\/figure>\n\n\n\n<p><strong>Escuela de Educaci\u00f3n Secundaria Orientada (E.E.S.O.) Particular Incorporada N\u00b08091 &#8220;Jos\u00e9 Manuel Estrada&#8221;<\/strong>, que recibi\u00f3 un aporte FANI de $11.910.928,70 destinado a la compra de materiales para equipar el laboratorio de ciencias naturales.<\/p>\n\n\n\n<p>Adem\u00e1s, se realizaron otras entregas de aportes del PFI a varias instituciones de Suardi y la regi\u00f3n, a saber:<\/p>\n\n\n\n<ul class=\"wp-block-list\">\n<li>Cl\u00e1sicos y Antiguos: Aporte destinado a la exposici\u00f3n realizada semanas atr\u00e1s en el Parque Municipal.<\/li>\n\n\n\n<li>I.S.P.I. N\u00b04050 Monse\u00f1or Zaspe: Recibi\u00f3 un aporte para la refacci\u00f3n de los ba\u00f1os, mejorando la infraestructura educativa.<\/li>\n\n\n\n<li>Club Caza y Pesca: Se otorgaron fondos para la construcci\u00f3n de nuevos asadores, que contribuir\u00e1n al desarrollo de actividades recreativas y sociales.<\/li>\n\n\n\n<li>Club de los Abuelos: Aporte destinado a cubrir gastos de funcionamiento, permitiendo la continuidad de las actividades que brindan contenci\u00f3n a los adultos mayores.<\/li>\n\n\n\n<li>Club Conquistadores: Fondos otorgados para la compra de carpas, para las actividades al aire libre que organiza la instituci\u00f3n.<\/li>\n\n\n\n<li>Asociaci\u00f3n de Bomberos Voluntarios: Aporte destinado a la organizaci\u00f3n de una pe\u00f1a folcl\u00f3rica y un encuentro de cadetes.<\/li>\n\n\n\n<li>Casita del Ni\u00f1o Creciendo en Familia: Recibi\u00f3 un aporte para la compra de un aire acondicionado.<\/li>\n\n\n\n<li>Escuela N\u00b08091 &#8220;Jos\u00e9 Manuel Estrada&#8221;: Adem\u00e1s del laboratorio, la instituci\u00f3n recibi\u00f3 un aporte adicional para la instalaci\u00f3n de una red WiFi, mejorando la conectividad y el acceso a recursos digitales.<\/li>\n\n\n\n<li>Centro de Empleados de Comercio: Los fondos otorgados ser\u00e1n destinados a la compra de materiales de construcci\u00f3n para obras de infraestructura.<\/li>\n\n\n\n<li>Escuela N\u00b06307 &#8220;Mariano Moreno&#8221; (Santa Emilia): Se le otorg\u00f3 un aporte para la renovaci\u00f3n del Sal\u00f3n de Usos M\u00faltiples (SUM).<\/li>\n<\/ul>\n\n\n\n<p class=\"has-medium-font-size\"><strong>VILLA TRINIDAD RECIBE FONDOS PARA PAVIMENTO URBANO<\/strong><\/p>\n\n\n\n<p>En<strong> Villa Trinidad<\/strong>, los legisladores concurrieron a la Sede Comunal de Villa Trinidad en donde fueron recibidos por su titular <strong>Cristian Suppo<\/strong> y la representante por la minor\u00eda <strong>Marianela Risso<\/strong>, a quienes hicieron entrega de fondos provenientes del<strong> Programa de Obras Menores<\/strong>, destinado a mejorar la infraestructura urbana de la localidad.<\/p>\n\n\n\n<figure class=\"wp-block-gallery has-nested-images columns-default is-cropped wp-block-gallery-2 is-layout-flex wp-block-gallery-is-layout-flex\">\n<figure class=\"wp-block-image size-large\"><img loading=\"lazy\" decoding=\"async\" width=\"1024\" height=\"614\" data-id=\"43628\" src=\"https:\/\/www.almargenweb.com.ar\/web\/wp-content\/uploads\/2024\/09\/aportes-villa-trinidad-2-1024x614.jpg\" alt=\"\" class=\"wp-image-43628\" srcset=\"https:\/\/www.almargenweb.com.ar\/web\/wp-content\/uploads\/2024\/09\/aportes-villa-trinidad-2-1024x614.jpg 1024w, https:\/\/www.almargenweb.com.ar\/web\/wp-content\/uploads\/2024\/09\/aportes-villa-trinidad-2-300x180.jpg 300w, https:\/\/www.almargenweb.com.ar\/web\/wp-content\/uploads\/2024\/09\/aportes-villa-trinidad-2-768x461.jpg 768w, https:\/\/www.almargenweb.com.ar\/web\/wp-content\/uploads\/2024\/09\/aportes-villa-trinidad-2.jpg 1200w\" sizes=\"auto, (max-width: 1024px) 100vw, 1024px\" \/><\/figure>\n<\/figure>\n\n\n\n<p>El <strong>Senador Michlig<\/strong> al momento de hacer la entrega de un aporte de $28.521.875,43 destinado a la pavimentaci\u00f3n de la calle Estanislao L\u00f3pez, entre 25 de Mayo y Juan de Garay, traslad\u00f3 el saludo del gobernador <strong>Maximiliano Pullaro<\/strong>, la vicegobernadora <strong>Gisela Scaglia<\/strong>, el ministro de <strong>Gobierno Fabi\u00e1n Bast\u00eda<\/strong>, el secretario de Municipios y Comunas <strong>Horacio Cianci<\/strong>o y el ministro de Econom\u00eda <strong>Pablo Olivares<\/strong>. A su vez, destac\u00f3 <em>\u201cel trabajo con todos los gobiernos locales sin importar de que signo pol\u00edtico son, sino lo que importa es mejorar la calidad de vida del conjunto de los vecinos\u201d.<\/em><\/p>\n\n\n\n<p>El presidente comunal <strong>Cristian Suppo<\/strong> agradeci\u00f3 la presencia de las autoridades y destac\u00f3 la relaci\u00f3n constante con el senador: <em>\u201cEs un verdadero placer recibir al senador Michlig una vez m\u00e1s. Su visita ya es una sana costumbre, y siempre viene acompa\u00f1ada de buenas noticias para nuestra comunidad\u201d<\/em>.<\/p>\n\n\n\n<p class=\"has-medium-font-size\"><strong>APORTES A ESCUELAS RURALES DE CAPIVARA<\/strong><\/p>\n\n\n\n<p>En Capivara los legisladores concurrieron a la <strong>Escuela N\u00b0 6350 &#8220;Gustavo Mart\u00ednez Zuvir\u00eda&#8221; <\/strong>en el <strong>paraje La Frontera<\/strong> (Distrito Capivara), en donde fueron recibidos por la directora de la instituci\u00f3n, <strong>Tamara Suppo<\/strong>, quien agradeci\u00f3 <em>\u201cel constante apoyo hacia la comunidad educativa\u201d<\/em>, detallando que<em> \u201ceste significativo aporte econ\u00f3mico ser\u00e1 destinado a cubrir los costos de un viaje educativo que los alumnos realizar\u00e1n en conjunto con la Escuela N\u00b0 784 &#8220;Comandante Manuel Patricio Rojas&#8221;, del paraje Mar\u00eda Eugenia\u201d<\/em>.<\/p>\n\n\n\n<figure class=\"wp-block-gallery has-nested-images columns-default is-cropped wp-block-gallery-3 is-layout-flex wp-block-gallery-is-layout-flex\">\n<figure class=\"wp-block-image size-large\"><img loading=\"lazy\" decoding=\"async\" width=\"1024\" height=\"614\" data-id=\"43627\" src=\"https:\/\/www.almargenweb.com.ar\/web\/wp-content\/uploads\/2024\/09\/aportes-capivara-1-1024x614.jpg\" alt=\"\" class=\"wp-image-43627\" srcset=\"https:\/\/www.almargenweb.com.ar\/web\/wp-content\/uploads\/2024\/09\/aportes-capivara-1-1024x614.jpg 1024w, https:\/\/www.almargenweb.com.ar\/web\/wp-content\/uploads\/2024\/09\/aportes-capivara-1-300x180.jpg 300w, https:\/\/www.almargenweb.com.ar\/web\/wp-content\/uploads\/2024\/09\/aportes-capivara-1-768x461.jpg 768w, https:\/\/www.almargenweb.com.ar\/web\/wp-content\/uploads\/2024\/09\/aportes-capivara-1.jpg 1200w\" sizes=\"auto, (max-width: 1024px) 100vw, 1024px\" \/><\/figure>\n<\/figure>\n\n\n\n<p>Por otra parte, la directora le hizo saber al Senador sobre la necesidad de un aire acondicionado, a lo que el senador Michlig se comprometi\u00f3 a gestionar los equipos necesarios con el fin de dar una pronta respuesta a las necesidades ante la llegada de la \u00e9poca estival, reafirmando su compromiso con la educaci\u00f3n en las zonas rurales.<\/p>\n\n\n\n<p>Por su parte, el diputado <strong>Marcelo Gonz\u00e1lez<\/strong> destac\u00f3 la importancia de este tipo de gestiones que tienen un impacto directo en la calidad de vida de las comunidades: <em>&#8220;Cada aporte que traemos representa una mejora tangible para las instituciones, y nos enorgullece poder colaborar en este tipo de proyectos que benefician a nuestros j\u00f3venes&#8221;<\/em>, expres\u00f3.<\/p>\n\n\n\n<p class=\"has-medium-font-size\"><strong>APOYO A INSTITUCIONES DE SOLEDAD<\/strong><\/p>\n\n\n\n<p>Al final de la recorrida El senador <strong>Felipe Michlig<\/strong> y el diputado <strong>Marcelo Gonz\u00e1lez<\/strong> visitaron la localidad de <strong>Soledad <\/strong>-en donde junto a la representante local <strong>Sofia Ortiz<\/strong>&#8211; visitaron la <strong>Escuela N\u00b0 491 de Educaci\u00f3n T\u00e9cnica Profesional<\/strong> en donde entregaron dos aires acondicionados Split de 5.500 frigor\u00edas, al director interino, Javier Chartier, quien expres\u00f3 su agradecimiento y aprovech\u00f3 la oportunidad para exponer una problem\u00e1tica que afecta a la escuela: desde el a\u00f1o 2022, no reciben fondos de Naci\u00f3n para la compra de insumos y herramientas esenciales para la formaci\u00f3n t\u00e9cnica de los alumnos.<\/p>\n\n\n\n<figure class=\"wp-block-gallery has-nested-images columns-default is-cropped wp-block-gallery-4 is-layout-flex wp-block-gallery-is-layout-flex\">\n<figure class=\"wp-block-image size-large\"><img loading=\"lazy\" decoding=\"async\" width=\"1024\" height=\"614\" data-id=\"43626\" src=\"https:\/\/www.almargenweb.com.ar\/web\/wp-content\/uploads\/2024\/09\/aportes-soledad-1-1024x614.jpg\" alt=\"\" class=\"wp-image-43626\" srcset=\"https:\/\/www.almargenweb.com.ar\/web\/wp-content\/uploads\/2024\/09\/aportes-soledad-1-1024x614.jpg 1024w, https:\/\/www.almargenweb.com.ar\/web\/wp-content\/uploads\/2024\/09\/aportes-soledad-1-300x180.jpg 300w, https:\/\/www.almargenweb.com.ar\/web\/wp-content\/uploads\/2024\/09\/aportes-soledad-1-768x461.jpg 768w, https:\/\/www.almargenweb.com.ar\/web\/wp-content\/uploads\/2024\/09\/aportes-soledad-1.jpg 1200w\" sizes=\"auto, (max-width: 1024px) 100vw, 1024px\" \/><\/figure>\n<\/figure>\n\n\n\n<p>Ante esta situaci\u00f3n, el senador Michlig y el diputado Gonz\u00e1lez se comprometieron a gestionar un aporte econ\u00f3mico adicional, destinado a cubrir las herramientas necesarias para continuar desarrollando sus actividades de manera adecuada.<\/p>\n\n\n\n<p>Por otra parte se entreg\u00f3 un aporte econ\u00f3mico a las jugadoras del equipo femenino de f\u00fatbol de la localidad, con destino a cubrir los gastos de viaje y competencias.<\/p>\n\n\n\n<p>Finalmente hicieron entrega de un aporte econ\u00f3mico a <strong>Roberto Zubillaga<\/strong>, quien recibi\u00f3 el fondo en representaci\u00f3n del p\u00e1rroco <strong>Daniel Ferrero<\/strong>. El aporte ser\u00e1 destinado a la finalizaci\u00f3n de los ba\u00f1os del Sal\u00f3n de Usos M\u00faltiples (SUM) parroquial.<\/p>\n<!-- AddThis Advanced Settings generic via filter on the_content --><!-- AddThis Share Buttons generic via filter on the_content -->","protected":false},"excerpt":{"rendered":"<p>A su vez, otras 15 instituciones de Colonia Rosa y San Guillermo recibieron aportes legislativos del [&hellip;]<!-- AddThis Advanced Settings generic via filter on get_the_excerpt --><!-- AddThis Share Buttons generic via filter on get_the_excerpt --><\/p>\n","protected":false},"author":17,"featured_media":43630,"comment_status":"closed","ping_status":"open","sticky":false,"template":"","format":"standard","meta":{"_seopress_robots_primary_cat":"none","_seopress_titles_title":"","_seopress_titles_desc":"","_seopress_robots_index":"","_themeisle_gutenberg_block_has_review":false,"footnotes":""},"categories":[230,19,321],"tags":[708,616,40,938,595,939],"class_list":["post-43623","post","type-post","status-publish","format-standard","has-post-thumbnail","hentry","category-deportes","category-educacion","category-san-cristobal","tag-fani","tag-felipe-michlig","tag-instituciones","tag-marcelo-gonzalez-2","tag-maximiliano-pullaro","tag-pfi"],"_links":{"self":[{"href":"https:\/\/www.almargenweb.com.ar\/web\/wp-json\/wp\/v2\/posts\/43623","targetHints":{"allow":["GET"]}}],"collection":[{"href":"https:\/\/www.almargenweb.com.ar\/web\/wp-json\/wp\/v2\/posts"}],"about":[{"href":"https:\/\/www.almargenweb.com.ar\/web\/wp-json\/wp\/v2\/types\/post"}],"author":[{"embeddable":true,"href":"https:\/\/www.almargenweb.com.ar\/web\/wp-json\/wp\/v2\/users\/17"}],"replies":[{"embeddable":true,"href":"https:\/\/www.almargenweb.com.ar\/web\/wp-json\/wp\/v2\/comments?post=43623"}],"version-history":[{"count":1,"href":"https:\/\/www.almargenweb.com.ar\/web\/wp-json\/wp\/v2\/posts\/43623\/revisions"}],"predecessor-version":[{"id":43631,"href":"https:\/\/www.almargenweb.com.ar\/web\/wp-json\/wp\/v2\/posts\/43623\/revisions\/43631"}],"wp:featuredmedia":[{"embeddable":true,"href":"https:\/\/www.almargenweb.com.ar\/web\/wp-json\/wp\/v2\/media\/43630"}],"wp:attachment":[{"href":"https:\/\/www.almargenweb.com.ar\/web\/wp-json\/wp\/v2\/media?parent=43623"}],"wp:term":[{"taxonomy":"category","embeddable":true,"href":"https:\/\/www.almargenweb.com.ar\/web\/wp-json\/wp\/v2\/categories?post=43623"},{"taxonomy":"post_tag","embeddable":true,"href":"https:\/\/www.almargenweb.com.ar\/web\/wp-json\/wp\/v2\/tags?post=43623"}],"curies":[{"name":"wp","href":"https:\/\/api.w.org\/{rel}","templated":true}]}}