{"id":43551,"date":"2024-09-19T16:46:38","date_gmt":"2024-09-19T19:46:38","guid":{"rendered":"https:\/\/www.almargenweb.com.ar\/web\/?p=43551"},"modified":"2024-09-19T16:46:40","modified_gmt":"2024-09-19T19:46:40","slug":"un-dia-unico-para-villa-saralegui-recibieron-una-pickup-0-km-una-ambulancia-4x4-un-patrullero-y-un-plan-incluir","status":"publish","type":"post","link":"https:\/\/www.almargenweb.com.ar\/web\/un-dia-unico-para-villa-saralegui-recibieron-una-pickup-0-km-una-ambulancia-4x4-un-patrullero-y-un-plan-incluir\/","title":{"rendered":"&#8220;Un d\u00eda \u00fanico&#8221; para Villa Saralegui: recibieron una pickup 0 km, una ambulancia 4X4, un patrullero\u00a0y un Plan Incluir"},"content":{"rendered":"\n<p><strong>\u201cLa importancia de que el pueblo pueda contar con estos medios de transporte adecuados, es magn\u00edfico porque no solo mejora la calidad de vida sino hasta se pueden salvar vidas al tener -por ejemplo- una ambulancia 4 x 4\u201d, dijo el senador Michlig.<\/strong><\/p>\n\n\n\n<p>Este martes durante una intensa gira departamental el <strong>Senador Felipe Michlig<\/strong> y el <strong>Diputado Marcelo Gonz\u00e1lez<\/strong> junto al <strong>ministro de Econom\u00eda Pablo Olivares<\/strong> y el <strong>secretario de Municipios y Comunas Horacio Ciancio<\/strong>, desplegaron una amplia agenda de trabajo en las localidades de <strong>Villa Saralegui<\/strong>, <strong>San Crist\u00f3bal<\/strong>, <strong>La Rubia<\/strong>, <strong>Villa Trinidad<\/strong>, <strong>San Guillermo<\/strong> y <strong>Suardi<\/strong>.<\/p>\n\n\n\n<p>Al comienzo de la jornada las autoridades visitaron Villa Saralegui en donde fueron recibidos por el interventor <strong>Jorge Piriz<\/strong> junto al equipo de trabajo comunal, que desde hace 5 meses (una vez ordenada la intervenci\u00f3n) gobierna la Comuna. Tambi\u00e9n se encontraban presentes los funcionarios provinciales <strong>Marcelo Airaldo<\/strong> (Incluir), <strong>Jorge Stettler<\/strong> (107), la <strong>Subjefa de polic\u00eda Marcela Fern\u00e1ndez<\/strong>, entre otros.<\/p>\n\n\n\n<figure class=\"wp-block-gallery has-nested-images columns-default is-cropped wp-block-gallery-1 is-layout-flex wp-block-gallery-is-layout-flex\">\n<figure class=\"wp-block-image size-large\"><img loading=\"lazy\" decoding=\"async\" width=\"1024\" height=\"614\" data-id=\"43557\" src=\"https:\/\/www.almargenweb.com.ar\/web\/wp-content\/uploads\/2024\/09\/villa-saralegui-ciancio-4-1024x614.jpg\" alt=\"\" class=\"wp-image-43557\" srcset=\"https:\/\/www.almargenweb.com.ar\/web\/wp-content\/uploads\/2024\/09\/villa-saralegui-ciancio-4-1024x614.jpg 1024w, https:\/\/www.almargenweb.com.ar\/web\/wp-content\/uploads\/2024\/09\/villa-saralegui-ciancio-4-300x180.jpg 300w, https:\/\/www.almargenweb.com.ar\/web\/wp-content\/uploads\/2024\/09\/villa-saralegui-ciancio-4-768x461.jpg 768w, https:\/\/www.almargenweb.com.ar\/web\/wp-content\/uploads\/2024\/09\/villa-saralegui-ciancio-4.jpg 1200w\" sizes=\"auto, (max-width: 1024px) 100vw, 1024px\" \/><\/figure>\n<\/figure>\n\n\n\n<p class=\"has-medium-font-size\"><strong>\u201c5 meses de gesti\u00f3n con grandes logros\u201d<\/strong><\/p>\n\n\n\n<p>En la oportunidad los funcionarios provinciales hicieron entrega de las llaves de una pick up 0 km para la Comuna; de una ambulancia 4X4 al <strong>SAMCO<\/strong> local y de un patrullero recibido por la subjefa Fern\u00e1ndez en representaci\u00f3n del Jefe Daniel Borobachi. Adem\u00e1s se firm\u00f3 un Plan Incluir con la Comuna para una obra de 6 cuadras de ripio.<\/p>\n\n\n\n<p>El senador agradeci\u00f3 la visita de los funcionarios provinciales presentes resaltando que <em>&#8220;no es habitual que en un pueblo tan chico vengan funcionarios de tanta importancia, sin embargo, para ustedes ya es normal, porque a todo el equipo del Gobernador le gusta estar en el territorio, al lado de la gente\u201d<\/em>.\u00a0\u00a0<\/p>\n\n\n\n<figure class=\"wp-block-gallery has-nested-images columns-default is-cropped wp-block-gallery-2 is-layout-flex wp-block-gallery-is-layout-flex\">\n<figure class=\"wp-block-image size-large\"><img loading=\"lazy\" decoding=\"async\" width=\"1024\" height=\"614\" data-id=\"43555\" src=\"https:\/\/www.almargenweb.com.ar\/web\/wp-content\/uploads\/2024\/09\/villa-saralegui-ciancio-3-1024x614.jpg\" alt=\"\" class=\"wp-image-43555\" srcset=\"https:\/\/www.almargenweb.com.ar\/web\/wp-content\/uploads\/2024\/09\/villa-saralegui-ciancio-3-1024x614.jpg 1024w, https:\/\/www.almargenweb.com.ar\/web\/wp-content\/uploads\/2024\/09\/villa-saralegui-ciancio-3-300x180.jpg 300w, https:\/\/www.almargenweb.com.ar\/web\/wp-content\/uploads\/2024\/09\/villa-saralegui-ciancio-3-768x461.jpg 768w, https:\/\/www.almargenweb.com.ar\/web\/wp-content\/uploads\/2024\/09\/villa-saralegui-ciancio-3.jpg 1200w\" sizes=\"auto, (max-width: 1024px) 100vw, 1024px\" \/><\/figure>\n<\/figure>\n\n\n\n<p class=\"has-text-align-center\"><em>\u201cLo que se ha logrado en estos 5 meses de gesti\u00f3n de Jorge es muy importante, pero lo que se bien ser\u00e1 a\u00fan mejor porque nos queda mucho trabajo por desarrollar desde la provincia y en especial para V. Saralegui que ha tenido tantas postergaciones\u201d.<\/em><\/p>\n\n\n\n<p>El ministro Olivares traslad\u00f3 el saludo del <strong>Gobernador Pullaro<\/strong> y felicit\u00f3 al Pte. Comunal <em>\u201cpor el orden que ha impuesto en la comuna y dentro de ese orden como se va mejorando la calidad de vida\u201d.<\/em><\/p>\n\n\n\n<p class=\"has-medium-font-size\"><strong>\u201cHoy Saralegui muestra una cara distinta\u201d<\/strong><\/p>\n\n\n\n<p>El <strong>Pte. Comunal <\/strong>al momento de expresar su emoci\u00f3n y agradecimiento por estas respuestas del gobierno provincial indic\u00f3 que <\/p>\n\n\n\n<p class=\"has-text-align-center\"><em>\u201cEste es un d\u00eda \u00fanico, una oportunidad que Saralegui se merece, que sabemos que estaba muy desatendida y junto al equipo de trabajo y la ayuda de nuestros legisladores seguiremos gestionando para seguir progresando\u201d.<\/em><\/p>\n\n\n\n<figure class=\"wp-block-gallery has-nested-images columns-default is-cropped wp-block-gallery-3 is-layout-flex wp-block-gallery-is-layout-flex\">\n<figure class=\"wp-block-image size-large\"><img loading=\"lazy\" decoding=\"async\" width=\"1024\" height=\"614\" data-id=\"43556\" src=\"https:\/\/www.almargenweb.com.ar\/web\/wp-content\/uploads\/2024\/09\/villa-saralegui-ciancio-5-1024x614.jpg\" alt=\"\" class=\"wp-image-43556\" srcset=\"https:\/\/www.almargenweb.com.ar\/web\/wp-content\/uploads\/2024\/09\/villa-saralegui-ciancio-5-1024x614.jpg 1024w, https:\/\/www.almargenweb.com.ar\/web\/wp-content\/uploads\/2024\/09\/villa-saralegui-ciancio-5-300x180.jpg 300w, https:\/\/www.almargenweb.com.ar\/web\/wp-content\/uploads\/2024\/09\/villa-saralegui-ciancio-5-768x461.jpg 768w, https:\/\/www.almargenweb.com.ar\/web\/wp-content\/uploads\/2024\/09\/villa-saralegui-ciancio-5.jpg 1200w\" sizes=\"auto, (max-width: 1024px) 100vw, 1024px\" \/><\/figure>\n<\/figure>\n\n\n\n<p><em>\u201cHoy Saralegui muestra una cara distinta, luego del nuevo gobierno con todo el apoyo de este equipo las cosas se pueden hacer distinto y bien\u201d<\/em>, dijo el <strong>Diputado Gonz\u00e1lez<\/strong>. <em>\u201cRealmente se nota el cambio y la transformaci\u00f3n del pueblo\u201d<\/em> agreg\u00f3 <strong>Horacio Ciancio<\/strong>, luego de trasladar el saludo del <strong>ministro Fabi\u00e1n Bastia.<\/strong><\/p>\n<!-- AddThis Advanced Settings generic via filter on the_content --><!-- AddThis Share Buttons generic via filter on the_content -->","protected":false},"excerpt":{"rendered":"<p>\u201cLa importancia de que el pueblo pueda contar con estos medios de transporte adecuados, es magn\u00edfico [&hellip;]<!-- AddThis Advanced Settings generic via filter on get_the_excerpt --><!-- AddThis Share Buttons generic via filter on get_the_excerpt --><\/p>\n","protected":false},"author":17,"featured_media":43554,"comment_status":"closed","ping_status":"open","sticky":false,"template":"","format":"standard","meta":{"_seopress_robots_primary_cat":"none","_seopress_titles_title":"","_seopress_titles_desc":"","_seopress_robots_index":"","_themeisle_gutenberg_block_has_review":false,"footnotes":""},"categories":[321],"tags":[616,928,851,265,643],"class_list":["post-43551","post","type-post","status-publish","format-standard","has-post-thumbnail","hentry","category-san-cristobal","tag-felipe-michlig","tag-obras-publicas","tag-plan-incluir","tag-salud-2","tag-seguridad-2"],"_links":{"self":[{"href":"https:\/\/www.almargenweb.com.ar\/web\/wp-json\/wp\/v2\/posts\/43551","targetHints":{"allow":["GET"]}}],"collection":[{"href":"https:\/\/www.almargenweb.com.ar\/web\/wp-json\/wp\/v2\/posts"}],"about":[{"href":"https:\/\/www.almargenweb.com.ar\/web\/wp-json\/wp\/v2\/types\/post"}],"author":[{"embeddable":true,"href":"https:\/\/www.almargenweb.com.ar\/web\/wp-json\/wp\/v2\/users\/17"}],"replies":[{"embeddable":true,"href":"https:\/\/www.almargenweb.com.ar\/web\/wp-json\/wp\/v2\/comments?post=43551"}],"version-history":[{"count":1,"href":"https:\/\/www.almargenweb.com.ar\/web\/wp-json\/wp\/v2\/posts\/43551\/revisions"}],"predecessor-version":[{"id":43558,"href":"https:\/\/www.almargenweb.com.ar\/web\/wp-json\/wp\/v2\/posts\/43551\/revisions\/43558"}],"wp:featuredmedia":[{"embeddable":true,"href":"https:\/\/www.almargenweb.com.ar\/web\/wp-json\/wp\/v2\/media\/43554"}],"wp:attachment":[{"href":"https:\/\/www.almargenweb.com.ar\/web\/wp-json\/wp\/v2\/media?parent=43551"}],"wp:term":[{"taxonomy":"category","embeddable":true,"href":"https:\/\/www.almargenweb.com.ar\/web\/wp-json\/wp\/v2\/categories?post=43551"},{"taxonomy":"post_tag","embeddable":true,"href":"https:\/\/www.almargenweb.com.ar\/web\/wp-json\/wp\/v2\/tags?post=43551"}],"curies":[{"name":"wp","href":"https:\/\/api.w.org\/{rel}","templated":true}]}}