{"id":43520,"date":"2024-09-13T09:57:01","date_gmt":"2024-09-13T12:57:01","guid":{"rendered":"https:\/\/www.almargenweb.com.ar\/web\/?p=43520"},"modified":"2024-09-13T09:57:03","modified_gmt":"2024-09-13T12:57:03","slug":"lanzamiento-de-la-53o-fiesta-nacional-del-zapallo-que-se-realizara-el-11-al-13-de-octubre-proximo-en-ceres","status":"publish","type":"post","link":"https:\/\/www.almargenweb.com.ar\/web\/lanzamiento-de-la-53o-fiesta-nacional-del-zapallo-que-se-realizara-el-11-al-13-de-octubre-proximo-en-ceres\/","title":{"rendered":"Lanzamiento de la 53\u00ba Fiesta Nacional del Zapallo que se realizar\u00e1 el 11 al 13 de octubre pr\u00f3ximo en Ceres"},"content":{"rendered":"\n<p><strong>En el Club Central Argentino Ol\u00edmpico de Ceres el Senador Michlig acompa\u00f1\u00f3 a los organizadores junto a la intendenta Dupouy confirmando un importante apoyo del Gobierno Provincial.<\/strong><\/p>\n\n\n\n<p>El Senador <strong>Felipe Michlig <\/strong>junto a la intendenta <strong>Alejandra Dupouy<\/strong> y el Pte. del Club Central Argentino Ol\u00edmpico <strong>Andr\u00e9s Bernabeu<\/strong>, encabezaron el acto de presentaci\u00f3n oficial de la 53\u00b0 edici\u00f3n 2024 de la <strong>Fiesta Nacional del Zapallo<\/strong> que se desarrollar\u00e1 desde el 11 al 13 de octubre pr\u00f3ximo.<\/p>\n\n\n\n<p>Tambi\u00e9n participaron <strong>Ceferino Diaz<\/strong>, de la comisi\u00f3n de eventos, y la actual <strong>Reina Nacional Thiara Cravero<\/strong>, mientras que el Diputado <strong>Marcelo Gonz\u00e1lez<\/strong> no pudo estar presente por razones de agenda.<\/p>\n\n\n\n<p class=\"has-medium-font-size\"><strong>Apoyos incondicionales<\/strong><\/p>\n\n\n\n<p>Al momento de dar la bienvenida a los presentes el presidente del club agradeci\u00f3 el <em>&#8220;apoyo incondicional de la Intendente y del Senador provincial, como as\u00ed tambi\u00e9n del Diputado Marcelo Gonz\u00e1lez para que esta Fiesta Nacional sea posible de organizar y se mantenga en el tiempo\u201d.<\/em><\/p>\n\n\n\n<figure class=\"wp-block-gallery has-nested-images columns-default is-cropped wp-block-gallery-1 is-layout-flex wp-block-gallery-is-layout-flex\">\n<figure class=\"wp-block-image size-large\"><img loading=\"lazy\" decoding=\"async\" width=\"1024\" height=\"614\" data-id=\"43524\" src=\"https:\/\/www.almargenweb.com.ar\/web\/wp-content\/uploads\/2024\/09\/presentacion-zapallo-2-1024x614.jpg\" alt=\"\" class=\"wp-image-43524\" srcset=\"https:\/\/www.almargenweb.com.ar\/web\/wp-content\/uploads\/2024\/09\/presentacion-zapallo-2-1024x614.jpg 1024w, https:\/\/www.almargenweb.com.ar\/web\/wp-content\/uploads\/2024\/09\/presentacion-zapallo-2-300x180.jpg 300w, https:\/\/www.almargenweb.com.ar\/web\/wp-content\/uploads\/2024\/09\/presentacion-zapallo-2-768x461.jpg 768w, https:\/\/www.almargenweb.com.ar\/web\/wp-content\/uploads\/2024\/09\/presentacion-zapallo-2.jpg 1200w\" sizes=\"auto, (max-width: 1024px) 100vw, 1024px\" \/><\/figure>\n<\/figure>\n\n\n\n<p>El Senador<strong> Michlig<\/strong> mencion\u00f3 que <em>\u201cla inversi\u00f3n que hace el Gobierno Provincial, apoyando estos eventos, buscan potenciar el desarrollo productivo de todo el departamento. Si nosotros no tuvi\u00e9semos estas fiestas, no busc\u00e1ramos la presencia del gobierno provincial, esos fondos ir\u00edan destinados a otros lugares. Cuando decidimos presentar nuestro mapa de fiestas en el ministerio de la producci\u00f3n lo hicimos convencidos que para que estas instituciones como Central, o las que est\u00e1n organizando otros importantes eventos sociales en el departamento crezcan, avancen en obras y puedan mantener vivas las disciplinas deportivas, todo lo cual para nuestro gobierno es una inversi\u00f3n\u201d.<\/em><\/p>\n\n\n\n<p>La<strong> intendenta<\/strong> dijo que <em>\u201cestos eventos son muy importantes para nuestra ciudad, porque viene mucha gente de otros lugares y nos posibilitan mostrar las cosas que pasan en Ceres. Nosotros apoyamos siempre, vamos a estar en la Fiesta con un stand institucional donde mostraremos actividades que se desarrollan en distintas \u00e1reas del gobierno\u201d.<\/em><\/p>\n\n\n\n<p class=\"has-medium-font-size\"><strong>Actividades y entradas<\/strong><\/p>\n\n\n\n<p>Por su parte <strong>Ceferino Diaz<\/strong> enumer\u00f3 las actividades que se desarrollar\u00e1n en el marco de la fiesta, que <em>\u201ccomenzar\u00e1 el viernes a las 11 hs. con la apertura de la muestra, y culminar\u00e1 con la gran noche de la cumbia. El s\u00e1bado tambi\u00e9n habr\u00e1 apertura a las 11 hs., a las 20 hs. comenzar\u00e1 la elecci\u00f3n de la Reina Nacional y luego un show musical exclusivo para esa noche, mientras que por la madrugada del domingo se realizar\u00e1 la noche de los j\u00f3venes con DJ contratados para tal fin&#8221;<\/em>.<\/p>\n\n\n\n<figure class=\"wp-block-gallery has-nested-images columns-default is-cropped wp-block-gallery-2 is-layout-flex wp-block-gallery-is-layout-flex\">\n<figure class=\"wp-block-image size-large\"><img loading=\"lazy\" decoding=\"async\" width=\"1024\" height=\"614\" data-id=\"43525\" src=\"https:\/\/www.almargenweb.com.ar\/web\/wp-content\/uploads\/2024\/09\/presentacion-zapallo-3-1024x614.jpg\" alt=\"\" class=\"wp-image-43525\" srcset=\"https:\/\/www.almargenweb.com.ar\/web\/wp-content\/uploads\/2024\/09\/presentacion-zapallo-3-1024x614.jpg 1024w, https:\/\/www.almargenweb.com.ar\/web\/wp-content\/uploads\/2024\/09\/presentacion-zapallo-3-300x180.jpg 300w, https:\/\/www.almargenweb.com.ar\/web\/wp-content\/uploads\/2024\/09\/presentacion-zapallo-3-768x461.jpg 768w, https:\/\/www.almargenweb.com.ar\/web\/wp-content\/uploads\/2024\/09\/presentacion-zapallo-3.jpg 1200w\" sizes=\"auto, (max-width: 1024px) 100vw, 1024px\" \/><\/figure>\n<\/figure>\n\n\n\n<p>El domingo, la muestra comenzar\u00e1 bien temprano, y durante todo el d\u00eda habr\u00e1 espect\u00e1culos para toda la familia, exposici\u00f3n, y se cerrar\u00e1 con la actuaci\u00f3n del popular <strong>N\u00e9stor Garnica<\/strong>.<\/p>\n\n\n\n<p>Las entradas tendr\u00e1n un costo para viernes y s\u00e1bado de $2000, domingo $3000, y se pondr\u00e1 a la venta un bono con precio especial para ingresar los 3 d\u00edas. El famoso sector gastron\u00f3mico ya est\u00e1 totalmente ocupado, y no hay m\u00e1s disponibilidad, con respecto a stands comerciales (un 70% del predio ya tiene contrataciones cerradas). Los interesados en poder exponer pueden comunicarse con el CCAO o la empresa de eventos que est\u00e1 colaborando en esta nueva <strong>Fiesta Nacional del Zapallo<\/strong>.<\/p>\n<!-- AddThis Advanced Settings generic via filter on the_content --><!-- AddThis Share Buttons generic via filter on the_content -->","protected":false},"excerpt":{"rendered":"<p>En el Club Central Argentino Ol\u00edmpico de Ceres el Senador Michlig acompa\u00f1\u00f3 a los organizadores junto [&hellip;]<!-- AddThis Advanced Settings generic via filter on get_the_excerpt --><!-- AddThis Share Buttons generic via filter on get_the_excerpt --><\/p>\n","protected":false},"author":17,"featured_media":43523,"comment_status":"closed","ping_status":"open","sticky":false,"template":"","format":"standard","meta":{"_seopress_robots_primary_cat":"none","_seopress_titles_title":"","_seopress_titles_desc":"","_seopress_robots_index":"","_themeisle_gutenberg_block_has_review":false,"footnotes":""},"categories":[28,321],"tags":[341,616,918],"class_list":["post-43520","post","type-post","status-publish","format-standard","has-post-thumbnail","hentry","category-fiestas","category-san-cristobal","tag-ceres","tag-felipe-michlig","tag-fiesta-del-zapallo"],"_links":{"self":[{"href":"https:\/\/www.almargenweb.com.ar\/web\/wp-json\/wp\/v2\/posts\/43520","targetHints":{"allow":["GET"]}}],"collection":[{"href":"https:\/\/www.almargenweb.com.ar\/web\/wp-json\/wp\/v2\/posts"}],"about":[{"href":"https:\/\/www.almargenweb.com.ar\/web\/wp-json\/wp\/v2\/types\/post"}],"author":[{"embeddable":true,"href":"https:\/\/www.almargenweb.com.ar\/web\/wp-json\/wp\/v2\/users\/17"}],"replies":[{"embeddable":true,"href":"https:\/\/www.almargenweb.com.ar\/web\/wp-json\/wp\/v2\/comments?post=43520"}],"version-history":[{"count":1,"href":"https:\/\/www.almargenweb.com.ar\/web\/wp-json\/wp\/v2\/posts\/43520\/revisions"}],"predecessor-version":[{"id":43526,"href":"https:\/\/www.almargenweb.com.ar\/web\/wp-json\/wp\/v2\/posts\/43520\/revisions\/43526"}],"wp:featuredmedia":[{"embeddable":true,"href":"https:\/\/www.almargenweb.com.ar\/web\/wp-json\/wp\/v2\/media\/43523"}],"wp:attachment":[{"href":"https:\/\/www.almargenweb.com.ar\/web\/wp-json\/wp\/v2\/media?parent=43520"}],"wp:term":[{"taxonomy":"category","embeddable":true,"href":"https:\/\/www.almargenweb.com.ar\/web\/wp-json\/wp\/v2\/categories?post=43520"},{"taxonomy":"post_tag","embeddable":true,"href":"https:\/\/www.almargenweb.com.ar\/web\/wp-json\/wp\/v2\/tags?post=43520"}],"curies":[{"name":"wp","href":"https:\/\/api.w.org\/{rel}","templated":true}]}}