{"id":43432,"date":"2024-09-05T17:48:19","date_gmt":"2024-09-05T20:48:19","guid":{"rendered":"https:\/\/www.almargenweb.com.ar\/web\/?p=43432"},"modified":"2024-09-05T17:48:22","modified_gmt":"2024-09-05T20:48:22","slug":"el-municipio-local-sorteo-cuatro-viviendas-para-familias-esperancinas","status":"publish","type":"post","link":"https:\/\/www.almargenweb.com.ar\/web\/el-municipio-local-sorteo-cuatro-viviendas-para-familias-esperancinas\/","title":{"rendered":"El municipio local sorte\u00f3 cuatro viviendas para familias esperancinas"},"content":{"rendered":"\n<p><strong>Son parte del programa de 32 viviendas que dej\u00f3 pendiente la gesti\u00f3n anterior. \u201cLa vivienda propia es esencial para cualquier familia y el Estado debe actuar para eliminar las barreras que dificultan su acceso\u201d, dijo el intendente M\u00fcller.<\/strong><\/p>\n\n\n\n<p>En el marco del proyecto <strong>\u201c200 Soluciones habitacionales\u201d<\/strong>, el intendente de Esperanza,<strong> Rodrigo M\u00fcller<\/strong>, encabez\u00f3 este mi\u00e9rcoles el sorteo de cuatro viviendas para familias esperancinas, ubicadas en el barrio \u201cLos \u00c1lamos\u201d, en el norte de la ciudad.<\/p>\n\n\n\n<p>Se trata de unidades habitacionales que forman parte del <strong>\u201cprograma de 32 viviendas\u201d<\/strong> que quedaron pendientes desde hace a\u00f1os y la gesti\u00f3n de Rodrigo M\u00fcller tom\u00f3 la decisi\u00f3n de concluir.<\/p>\n\n\n\n<p>Al respecto, el intendente expres\u00f3 que <em>\u201cpara nosotros es un gusto participar de este momento de felicidad para cuatro familias esperancinas\u201d.<\/em><\/p>\n\n\n\n<p><em>\u201cSabemos que la vivienda es esencial para el proyecto de vida de cada uno de ustedes y creemos que el Estado debe actuar para eliminar las barreras que dificultan su acceso\u201d<\/em>, agreg\u00f3 el intendente.<\/p>\n\n\n\n<p>Luego, resalt\u00f3 que <em>\u201ceste sorteo, sumado al resto de iniciativas habitacionales que realizamos desde el inicio de la gesti\u00f3n, es fruto de un trabajo conjunto entre varias \u00e1reas del gobierno centralizadas en el IN.MU.HA\u201d.<\/em><\/p>\n\n\n\n<p>Por \u00faltimo,<strong> M\u00fcller <\/strong>les dijo a los que no salen sorteados <em>\u201cque mantengan la esperanza porque continuaremos trabajando para generar oportunidades para todos\u201d y a los que fueron beneficiados \u201cque cumplan con su pago mensual, porque de ello depende que otros tengan la posibilidad de contar con un hogar propio\u201d.<\/em><\/p>\n\n\n\n<p>Estas cuatro viviendas se suman a las dos ya entregadas a principios de a\u00f1o, del mismo programa, y a las 11 que se construir\u00e1n gracias a convenios firmados con los gremios de ATE y UPCN. Tambi\u00e9n, la municipalidad inici\u00f3 gestiones con provincia para construir 14 viviendas y ya realiz\u00f3 la venta de 20 lotes municipales y se encuentra abierta la inscripci\u00f3n para la venta de otros 68 lotes.<\/p>\n\n\n\n<figure class=\"wp-block-gallery has-nested-images columns-default is-cropped wp-block-gallery-1 is-layout-flex wp-block-gallery-is-layout-flex\">\n<figure class=\"wp-block-image size-large\"><img loading=\"lazy\" decoding=\"async\" width=\"1024\" height=\"587\" data-id=\"43436\" src=\"https:\/\/www.almargenweb.com.ar\/web\/wp-content\/uploads\/2024\/09\/DSC5149-1024x587.jpg\" alt=\"\" class=\"wp-image-43436\" srcset=\"https:\/\/www.almargenweb.com.ar\/web\/wp-content\/uploads\/2024\/09\/DSC5149-1024x587.jpg 1024w, https:\/\/www.almargenweb.com.ar\/web\/wp-content\/uploads\/2024\/09\/DSC5149-300x172.jpg 300w, https:\/\/www.almargenweb.com.ar\/web\/wp-content\/uploads\/2024\/09\/DSC5149-768x440.jpg 768w, https:\/\/www.almargenweb.com.ar\/web\/wp-content\/uploads\/2024\/09\/DSC5149.jpg 1200w\" sizes=\"auto, (max-width: 1024px) 100vw, 1024px\" \/><\/figure>\n<\/figure>\n\n\n\n<p class=\"has-medium-font-size\"><strong>LOS BENEFICIARIOS<\/strong><\/p>\n\n\n\n<p>En la oportunidad fueron sorteadas las siguientes personas:<\/p>\n\n\n\n<ul class=\"wp-block-list\">\n<li>Gross Cintia Sof\u00eda (N\u00b0 397) la vivienda ubicada en pasaje Juana Azurduy 5943.<\/li>\n\n\n\n<li>Capdevila Atilio Jos\u00e9 Manuel y Lagger Mar\u00eda de los \u00c1ngeles (N\u00b0 257) la vivienda ubicada en pasaje Juana Azurduy 5955 &#8211;<\/li>\n\n\n\n<li>Oviedo Aldana Gisel y Escobar Alexis Maximiliano (N\u00b0 407) la vivienda ubicada en pasaje Juana Azurduy 5967<\/li>\n\n\n\n<li>Gasser Priscila Araceli y V\u00e1zquez Pablo Mat\u00edas (N\u00b0 100) la casa ubicada en pasaje Juana Azurduy 5981<\/li>\n<\/ul>\n\n\n\n<p>Del mismo modo, quedaron como suplentes las siguientes personas:<\/p>\n\n\n\n<ul class=\"wp-block-list\">\n<li>Pech\u00edn M\u00f3nica Graciela y Moreyra \u00d3scar Vicente (N\u00b0 38)<\/li>\n\n\n\n<li>Wilhjelm Eduardo Cristi\u00e1n &#8211; Mendoza Mar\u00eda Rita (N\u00b0 53)<\/li>\n\n\n\n<li>Sa\u00f1udo Javier Alberto y Santell\u00e1n Andrea Paola (N\u00b0 252)<\/li>\n\n\n\n<li>Batt\u00e1n Paula Susana (N\u00b0 410)<\/li>\n<\/ul>\n\n\n\n<p class=\"has-medium-font-size\"><strong>PRESENTES<\/strong><\/p>\n\n\n\n<p class=\"has-medium-font-size\">De la actividad tambi\u00e9n formaron parte los concejales Mariano Puig, Guillermo Bonvin, Mar\u00eda del Rosario Galleano y Sebasti\u00e1n Ranalletta; y los integrantes del gabinete municipal. El sorteo estuvo supervisado por el escribano Mario Bianchi.<\/p>\n<!-- AddThis Advanced Settings generic via filter on the_content --><!-- AddThis Share Buttons generic via filter on the_content -->","protected":false},"excerpt":{"rendered":"<p>Son parte del programa de 32 viviendas que dej\u00f3 pendiente la gesti\u00f3n anterior. \u201cLa vivienda propia [&hellip;]<!-- AddThis Advanced Settings generic via filter on get_the_excerpt --><!-- AddThis Share Buttons generic via filter on get_the_excerpt --><\/p>\n","protected":false},"author":17,"featured_media":43435,"comment_status":"closed","ping_status":"open","sticky":false,"template":"","format":"standard","meta":{"_seopress_robots_primary_cat":"none","_seopress_titles_title":"","_seopress_titles_desc":"","_seopress_robots_index":"","_themeisle_gutenberg_block_has_review":false,"footnotes":""},"categories":[47,24],"tags":[741,44,592,121,49],"class_list":["post-43432","post","type-post","status-publish","format-standard","has-post-thumbnail","hentry","category-locales","category-obras-publicas","tag-casa-propia","tag-esperanza","tag-las-colonias","tag-rodrigo-muller","tag-viviendas"],"_links":{"self":[{"href":"https:\/\/www.almargenweb.com.ar\/web\/wp-json\/wp\/v2\/posts\/43432","targetHints":{"allow":["GET"]}}],"collection":[{"href":"https:\/\/www.almargenweb.com.ar\/web\/wp-json\/wp\/v2\/posts"}],"about":[{"href":"https:\/\/www.almargenweb.com.ar\/web\/wp-json\/wp\/v2\/types\/post"}],"author":[{"embeddable":true,"href":"https:\/\/www.almargenweb.com.ar\/web\/wp-json\/wp\/v2\/users\/17"}],"replies":[{"embeddable":true,"href":"https:\/\/www.almargenweb.com.ar\/web\/wp-json\/wp\/v2\/comments?post=43432"}],"version-history":[{"count":1,"href":"https:\/\/www.almargenweb.com.ar\/web\/wp-json\/wp\/v2\/posts\/43432\/revisions"}],"predecessor-version":[{"id":43437,"href":"https:\/\/www.almargenweb.com.ar\/web\/wp-json\/wp\/v2\/posts\/43432\/revisions\/43437"}],"wp:featuredmedia":[{"embeddable":true,"href":"https:\/\/www.almargenweb.com.ar\/web\/wp-json\/wp\/v2\/media\/43435"}],"wp:attachment":[{"href":"https:\/\/www.almargenweb.com.ar\/web\/wp-json\/wp\/v2\/media?parent=43432"}],"wp:term":[{"taxonomy":"category","embeddable":true,"href":"https:\/\/www.almargenweb.com.ar\/web\/wp-json\/wp\/v2\/categories?post=43432"},{"taxonomy":"post_tag","embeddable":true,"href":"https:\/\/www.almargenweb.com.ar\/web\/wp-json\/wp\/v2\/tags?post=43432"}],"curies":[{"name":"wp","href":"https:\/\/api.w.org\/{rel}","templated":true}]}}