{"id":42874,"date":"2024-07-17T08:05:45","date_gmt":"2024-07-17T11:05:45","guid":{"rendered":"https:\/\/www.almargenweb.com.ar\/web\/?p=42874"},"modified":"2024-07-17T08:05:47","modified_gmt":"2024-07-17T11:05:47","slug":"san-carlos-centro-se-abrio-la-inscripcion-a-aspirantes-para-las-13-nuevas-viviendas-del-programa-municipal-de-habitat","status":"publish","type":"post","link":"https:\/\/www.almargenweb.com.ar\/web\/san-carlos-centro-se-abrio-la-inscripcion-a-aspirantes-para-las-13-nuevas-viviendas-del-programa-municipal-de-habitat\/","title":{"rendered":"San Carlos Centro: se abri\u00f3 la inscripci\u00f3n a aspirantes para las 13 nuevas viviendas del Programa Municipal de H\u00e1bitat"},"content":{"rendered":"\n<p>La firme decisi\u00f3n del <strong>Intendente Juan Jos\u00e9 Placenzotti<\/strong> de destinar <strong>fondos propios del Municipio para la concreci\u00f3n del Programa Municipal de H\u00e1bitat<\/strong>, ha permitido cumplir con el objetivo primordial de facilitar el acceso de beneficiarios a terrenos y viviendas. Entre otras acciones, y en esta S\u00e9ptima Etapa del mencionado Programa, se concreta la ejecuci\u00f3n, por Administraci\u00f3n Municipal, de 13 nuevas viviendas.<\/p>\n\n\n\n<p>11 Viviendas de 2 Dormitorios, destinadas a Grupos Familiares y 2 Viviendas de 1 Dormitorio, destinadas a Personas Solas, est\u00e1n construidas en terrenos propiedad del Municipio, ubicados sobre calles Gaminara y Saavedra. Las mismas, cuentan con uno o dos dormitorios, ba\u00f1o con artefactos y grifer\u00edas, cocina-comedor y lavadero, instalaci\u00f3n de cloacas conectada a la red, instalaci\u00f3n de agua fr\u00eda y caliente, instalaci\u00f3n de gas natural para cocina, calef\u00f3n y calefactor e instalaci\u00f3n el\u00e9ctrica completa.<\/p>\n\n\n\n<figure class=\"wp-block-gallery has-nested-images columns-default is-cropped wp-block-gallery-1 is-layout-flex wp-block-gallery-is-layout-flex\">\n<figure class=\"wp-block-image size-large\"><img loading=\"lazy\" decoding=\"async\" width=\"1024\" height=\"631\" data-id=\"42877\" src=\"https:\/\/www.almargenweb.com.ar\/web\/wp-content\/uploads\/2024\/07\/402a1d788cd934f87b1057d1215a8867.jpg\" alt=\"\" class=\"wp-image-42877\" srcset=\"https:\/\/www.almargenweb.com.ar\/web\/wp-content\/uploads\/2024\/07\/402a1d788cd934f87b1057d1215a8867.jpg 1024w, https:\/\/www.almargenweb.com.ar\/web\/wp-content\/uploads\/2024\/07\/402a1d788cd934f87b1057d1215a8867-300x185.jpg 300w, https:\/\/www.almargenweb.com.ar\/web\/wp-content\/uploads\/2024\/07\/402a1d788cd934f87b1057d1215a8867-768x473.jpg 768w\" sizes=\"auto, (max-width: 1024px) 100vw, 1024px\" \/><\/figure>\n<\/figure>\n\n\n\n<p class=\"has-medium-font-size\"><strong>FECHA L\u00cdMITE PARA INSCRIBIRSE AL PROGRAMA MUNICIPAL DE H\u00c1BITAT<\/strong><\/p>\n\n\n\n<p><strong>Hasta el 16 de agosto se recibir\u00e1n las inscripciones de los aspirantes interesados<\/strong> \u2013 Grupos Familiares o Personas Solas que alquilan &#8211; en la Oficina de Promoci\u00f3n y Asistencia Social \u2013 Almafuerte 745 \u2013 en d\u00edas y horarios de atenci\u00f3n al p\u00fablico. En dicho lugar se brindar\u00e1 informaci\u00f3n, asesoramiento y se entregar\u00e1 el detalle de los requisitos a cumplimentar para acceder al correspondiente sorteo.<\/p>\n<!-- AddThis Advanced Settings generic via filter on the_content --><!-- AddThis Share Buttons generic via filter on the_content -->","protected":false},"excerpt":{"rendered":"<p>La firme decisi\u00f3n del Intendente Juan Jos\u00e9 Placenzotti de destinar fondos propios del Municipio para la [&hellip;]<!-- AddThis Advanced Settings generic via filter on get_the_excerpt --><!-- AddThis Share Buttons generic via filter on get_the_excerpt --><\/p>\n","protected":false},"author":17,"featured_media":42878,"comment_status":"closed","ping_status":"open","sticky":false,"template":"","format":"standard","meta":{"_seopress_robots_primary_cat":"none","_seopress_titles_title":"","_seopress_titles_desc":"","_seopress_robots_index":"","_themeisle_gutenberg_block_has_review":false,"footnotes":""},"categories":[21,24],"tags":[772,592,771,682],"class_list":["post-42874","post","type-post","status-publish","format-standard","has-post-thumbnail","hentry","category-las-colonias","category-obras-publicas","tag-juan-jose-placenzotti","tag-las-colonias","tag-plan-de-vivienda","tag-vivienda"],"_links":{"self":[{"href":"https:\/\/www.almargenweb.com.ar\/web\/wp-json\/wp\/v2\/posts\/42874","targetHints":{"allow":["GET"]}}],"collection":[{"href":"https:\/\/www.almargenweb.com.ar\/web\/wp-json\/wp\/v2\/posts"}],"about":[{"href":"https:\/\/www.almargenweb.com.ar\/web\/wp-json\/wp\/v2\/types\/post"}],"author":[{"embeddable":true,"href":"https:\/\/www.almargenweb.com.ar\/web\/wp-json\/wp\/v2\/users\/17"}],"replies":[{"embeddable":true,"href":"https:\/\/www.almargenweb.com.ar\/web\/wp-json\/wp\/v2\/comments?post=42874"}],"version-history":[{"count":1,"href":"https:\/\/www.almargenweb.com.ar\/web\/wp-json\/wp\/v2\/posts\/42874\/revisions"}],"predecessor-version":[{"id":42879,"href":"https:\/\/www.almargenweb.com.ar\/web\/wp-json\/wp\/v2\/posts\/42874\/revisions\/42879"}],"wp:featuredmedia":[{"embeddable":true,"href":"https:\/\/www.almargenweb.com.ar\/web\/wp-json\/wp\/v2\/media\/42878"}],"wp:attachment":[{"href":"https:\/\/www.almargenweb.com.ar\/web\/wp-json\/wp\/v2\/media?parent=42874"}],"wp:term":[{"taxonomy":"category","embeddable":true,"href":"https:\/\/www.almargenweb.com.ar\/web\/wp-json\/wp\/v2\/categories?post=42874"},{"taxonomy":"post_tag","embeddable":true,"href":"https:\/\/www.almargenweb.com.ar\/web\/wp-json\/wp\/v2\/tags?post=42874"}],"curies":[{"name":"wp","href":"https:\/\/api.w.org\/{rel}","templated":true}]}}