{"id":42781,"date":"2024-07-09T08:59:15","date_gmt":"2024-07-09T11:59:15","guid":{"rendered":"https:\/\/www.almargenweb.com.ar\/web\/?p=42781"},"modified":"2024-07-09T08:59:18","modified_gmt":"2024-07-09T11:59:18","slug":"pullaro-los-creditos-nido-apuntan-a-las-familias-santafesinas-que-ven-como-los-sueldos-se-les-van-en-el-alquiler","status":"publish","type":"post","link":"https:\/\/www.almargenweb.com.ar\/web\/pullaro-los-creditos-nido-apuntan-a-las-familias-santafesinas-que-ven-como-los-sueldos-se-les-van-en-el-alquiler\/","title":{"rendered":"Pullaro: \u201cLos cr\u00e9ditos Nido apuntan a las familias santafesinas que ven c\u00f3mo los sueldos se les van en el alquiler\u201d"},"content":{"rendered":"\n<p>El Gobernador present\u00f3 una nueva pol\u00edtica habitacional para que las personas que hoy alquilan puedan acceder a un cr\u00e9dito hipotecario y tener su casa propia, en cualquier punto de la provincia. Para esta iniciativa se destinar\u00e1n $ 60.000 millones.<\/p>\n\n\n\n<p>Con el objetivo de <strong>brindar soluciones habitacionales a los santafesinos<\/strong>, el gobernador de la provincia, <strong>Maximiliano Pullaro<\/strong>, present\u00f3 en Rosario los <strong>Cr\u00e9ditos Hipotecarios Nido<\/strong>, una iniciativa conjunta entre el Gobierno Provincial y el Banco Municipal. El sistema contar\u00e1 con cuatro l\u00edneas de pr\u00e9stamos por un total de $ 60.000 millones, que ser\u00e1n destinados a la <strong>construcci\u00f3n y adquisici\u00f3n de viviendas; la terminaci\u00f3n de viviendas; cr\u00e9ditos individuales de gesti\u00f3n colectiva; y para la adquisici\u00f3n o construcci\u00f3n de viviendas por cesi\u00f3n de derechos.<\/strong> Para conocer m\u00e1s informaci\u00f3n ingresar en\u00a0<a href=\"https:\/\/www.santafe.gob.ar\/nidocreditoshipotecarios\" target=\"_blank\" rel=\"noreferrer noopener\">https:\/\/www.santafe.gob.ar\/nidocreditoshipotecarios<\/a><a href=\"https:\/\/www.santafe.gob.ar\/ms\/nidocreditoshipotecarios\/\">\/<\/a><\/p>\n\n\n\n<p>En ese marco, <strong>Pullaro<\/strong> resalt\u00f3 que <\/p>\n\n\n\n<p class=\"has-text-align-center\"><em>\u201ccuando las cosas se hacen con honestidad, con pasi\u00f3n y transparencia, podemos ser invencibles e imparables. Como la persona que vino de un pueblo que soy, de clase media y que tuvo muchas dificultades en su vida, le planteaba a nuestros ministros que ten\u00edamos que darle respuesta a la clase media y a la clase media-baja, a esos laburantes que se esfuerzan, que le ponen empe\u00f1o y que nunca llegan a tener la vivienda propia. La Provincia ten\u00eda que tener un programa que d\u00e9 respuestas a ese sector de la sociedad\u201d.<\/em><\/p>\n\n\n\n<p><em>\u201cAh\u00ed entendimos que ten\u00edamos que agrandar la escala y cambiar algunos paradigmas, sin dejar de trabajar en las viviendas sociales. Por eso este programa para la clase media, la clase media-baja, para aquella gente que se esfuerza, que trabaja, para ese matrimonio joven que los dos tienen un trabajo y que sienten que gran parte de un sueldo se les va en un alquiler\u201d<\/em>, enumer\u00f3 el gobernador.<\/p>\n\n\n\n<p><em>\u201c<strong>Nido es un programa de cr\u00e9ditos hipotecarios para la provincia de Santa Fe<\/strong>. Queremos aplicar una <strong>econom\u00eda contrac\u00edclica<\/strong> en un momento muy dif\u00edcil de la Argentina. Santa Fe es la \u00fanica provincia de la Argentina que est\u00e1 licitando y armando planes y proyectos ejecutivos de obra p\u00fablica a gran escala. Lo hacemos porque nuestra provincia es inmensa y tiene un potencial productivo y econ\u00f3mico superior a la del resto. En segundo lugar, porque somos una administraci\u00f3n austera, que controla y que est\u00e1 encima de cada uno de los temas\u201d<\/em>, concluy\u00f3 <strong>Pullaro<\/strong>.<\/p>\n\n\n\n<figure class=\"wp-block-gallery has-nested-images columns-default is-cropped wp-block-gallery-1 is-layout-flex wp-block-gallery-is-layout-flex\">\n<figure class=\"wp-block-image size-large\"><img loading=\"lazy\" decoding=\"async\" width=\"1024\" height=\"684\" data-id=\"42784\" src=\"https:\/\/www.almargenweb.com.ar\/web\/wp-content\/uploads\/2024\/07\/2024-07-04NID_280620O_2-1024x684.jpeg\" alt=\"\" class=\"wp-image-42784\" srcset=\"https:\/\/www.almargenweb.com.ar\/web\/wp-content\/uploads\/2024\/07\/2024-07-04NID_280620O_2-1024x684.jpeg 1024w, https:\/\/www.almargenweb.com.ar\/web\/wp-content\/uploads\/2024\/07\/2024-07-04NID_280620O_2-300x200.jpeg 300w, https:\/\/www.almargenweb.com.ar\/web\/wp-content\/uploads\/2024\/07\/2024-07-04NID_280620O_2-768x513.jpeg 768w, https:\/\/www.almargenweb.com.ar\/web\/wp-content\/uploads\/2024\/07\/2024-07-04NID_280620O_2.jpeg 1200w\" sizes=\"auto, (max-width: 1024px) 100vw, 1024px\" \/><\/figure>\n<\/figure>\n\n\n\n<p class=\"has-medium-font-size\"><strong>Fomentar la inversi\u00f3n en obra p\u00fablica<\/strong><\/p>\n\n\n\n<p>Por su parte, el <strong>intendente de Rosario<\/strong>, <strong>Pablo Javkin<\/strong>, manifest\u00f3 su alegr\u00eda y sostuvo que <\/p>\n\n\n\n<p class=\"has-text-align-center\"><em>\u201cel gobernador marca que cuando hay orden y hay voluntad, se pueden buscar soluciones a los problemas. En el hacer siempre aparecen respuestas. Esto que se presenta hoy, termina este acto y ya est\u00e1 habilitada la p\u00e1gina para entrar. No son anuncios, son hechos concretos\u201d.<\/em><\/p>\n\n\n\n<p>En tanto, el <strong>ministro de Obras P\u00fablicas, Lisandro Enrico<\/strong>, precis\u00f3 que <\/p>\n\n\n\n<p class=\"has-text-align-center\"><em>\u201ccuando se arm\u00f3 la ley de ministerios, se modific\u00f3 la ley de la Direcci\u00f3n Provincial de Vivienda y Urbanismo, una ley que tiene ya m\u00e1s de 50 a\u00f1os para incorporar estos instrumentos. Y, en seis meses, el equipo de trabajo logr\u00f3 preparar este programa para abocarnos a un problema que detect\u00e1bamos: de 1.500.000 de hogares que hay en la Provincia de Santa Fe, 500.000 son hogares alquilados. Es decir, un tercio de la poblaci\u00f3n vive alquilando\u201d.<\/em><\/p>\n\n\n\n<p>Por otro lado, el <strong>ministro de Econom\u00eda, Pablo Olivares<\/strong>, sostuvo que <\/p>\n\n\n\n<p class=\"has-text-align-center\"><em>\u201cla necesidad de abordar la atenci\u00f3n de todos los problemas fue una prioridad que nos marc\u00f3 el Gobernador. A trav\u00e9s de esta sinergia que hacemos entre el Gobierno de la Provincia de Santa Fe, el Gobierno de la Municipalidad y del Banco Municipal de Rosario, tratamos de romper obst\u00e1culos, de multiplicar el peso que todos los santafesinos ponen para que se transforman en m\u00e1s pesos que van a estar a disposici\u00f3n de aquellos que hoy atraviesan problemas habitacionales\u201d.<\/em><\/p>\n\n\n\n<p class=\"has-medium-font-size\"><strong>NIDO, una pol\u00edtica habitacional<\/strong><\/p>\n\n\n\n<p>En tanto, el <strong>presidente del Banco Municipal, Claudio Forneris<\/strong>, agradeci\u00f3 <em>\u201cla confianza que han depositado en nosotros para llevar adelante este proyecto. Como banco, estamos seguros que podemos canalizar el ahorro para destinarlo al financiamiento estrat\u00e9gico\u201d.<\/em><\/p>\n\n\n\n<p>A su vez, la <strong>presidenta de la C\u00e1mara de Diputados y Diputadas, Clara Garc\u00eda<\/strong>, precis\u00f3 que <\/p>\n\n\n\n<p class=\"has-text-align-center\"><em>\u201cesto es un hito. A\u00fan en una econom\u00eda tan compleja y de incertidumbres como la nuestra, la decisi\u00f3n pol\u00edtica del gobernador es destacable\u201d.<\/em><\/p>\n\n\n\n<p>Por \u00faltimo, el <strong>director Provincial de Vivienda y Urbanismo, Lucas Crivelli<\/strong>, brind\u00f3 detalles de cada una de las l\u00edneas de cr\u00e9dito disponibles y asever\u00f3 que <\/p>\n\n\n\n<p class=\"has-text-align-center\"><em>\u201ceste programa es uno de los ejes de la <strong>pol\u00edtica habitacional de la provincia de Santa Fe<\/strong>. Primero, nos planteamos c\u00f3mo exponenciar los recursos para que muchos m\u00e1s santafesinos lleguen a su vivienda. Y, por otro lado, c\u00f3mo hacer que estos recursos lleguen a la ciudadan\u00eda y sean accesibles\u201d.<\/em><\/p>\n<!-- AddThis Advanced Settings generic via filter on the_content --><!-- AddThis Share Buttons generic via filter on the_content -->","protected":false},"excerpt":{"rendered":"<p>El Gobernador present\u00f3 una nueva pol\u00edtica habitacional para que las personas que hoy alquilan puedan acceder [&hellip;]<!-- AddThis Advanced Settings generic via filter on get_the_excerpt --><!-- AddThis Share Buttons generic via filter on get_the_excerpt --><\/p>\n","protected":false},"author":17,"featured_media":42785,"comment_status":"closed","ping_status":"open","sticky":false,"template":"","format":"standard","meta":{"_seopress_robots_primary_cat":"none","_seopress_titles_title":"","_seopress_titles_desc":"","_seopress_robots_index":"","_themeisle_gutenberg_block_has_review":false,"footnotes":""},"categories":[5,48],"tags":[741,742,595,739,682],"class_list":["post-42781","post","type-post","status-publish","format-standard","has-post-thumbnail","hentry","category-economia","category-provinciales","tag-casa-propia","tag-creditos-hipotecarios","tag-maximiliano-pullaro","tag-politica-habitacional","tag-vivienda"],"_links":{"self":[{"href":"https:\/\/www.almargenweb.com.ar\/web\/wp-json\/wp\/v2\/posts\/42781","targetHints":{"allow":["GET"]}}],"collection":[{"href":"https:\/\/www.almargenweb.com.ar\/web\/wp-json\/wp\/v2\/posts"}],"about":[{"href":"https:\/\/www.almargenweb.com.ar\/web\/wp-json\/wp\/v2\/types\/post"}],"author":[{"embeddable":true,"href":"https:\/\/www.almargenweb.com.ar\/web\/wp-json\/wp\/v2\/users\/17"}],"replies":[{"embeddable":true,"href":"https:\/\/www.almargenweb.com.ar\/web\/wp-json\/wp\/v2\/comments?post=42781"}],"version-history":[{"count":1,"href":"https:\/\/www.almargenweb.com.ar\/web\/wp-json\/wp\/v2\/posts\/42781\/revisions"}],"predecessor-version":[{"id":42786,"href":"https:\/\/www.almargenweb.com.ar\/web\/wp-json\/wp\/v2\/posts\/42781\/revisions\/42786"}],"wp:featuredmedia":[{"embeddable":true,"href":"https:\/\/www.almargenweb.com.ar\/web\/wp-json\/wp\/v2\/media\/42785"}],"wp:attachment":[{"href":"https:\/\/www.almargenweb.com.ar\/web\/wp-json\/wp\/v2\/media?parent=42781"}],"wp:term":[{"taxonomy":"category","embeddable":true,"href":"https:\/\/www.almargenweb.com.ar\/web\/wp-json\/wp\/v2\/categories?post=42781"},{"taxonomy":"post_tag","embeddable":true,"href":"https:\/\/www.almargenweb.com.ar\/web\/wp-json\/wp\/v2\/tags?post=42781"}],"curies":[{"name":"wp","href":"https:\/\/api.w.org\/{rel}","templated":true}]}}