{"id":42622,"date":"2024-06-05T08:03:45","date_gmt":"2024-06-05T11:03:45","guid":{"rendered":"https:\/\/www.almargenweb.com.ar\/web\/?p=42622"},"modified":"2024-06-05T08:03:47","modified_gmt":"2024-06-05T11:03:47","slug":"el-centro-reclusorio-para-internos-de-alto-perfil-de-pinero-sera-la-carcel-de-mayor-seguridad-de-argentina","status":"publish","type":"post","link":"https:\/\/www.almargenweb.com.ar\/web\/el-centro-reclusorio-para-internos-de-alto-perfil-de-pinero-sera-la-carcel-de-mayor-seguridad-de-argentina\/","title":{"rendered":"\u201cEl Centro Reclusorio para Internos de Alto Perfil de Pi\u00f1ero ser\u00e1 la c\u00e1rcel de mayor seguridad de Argentina\u201d"},"content":{"rendered":"\n<p>As\u00ed lo dijo la <strong>secretaria de Asuntos Penales de Santa Fe<\/strong>, <strong>Luc\u00eda Masneri<\/strong>. Se refiri\u00f3 a la obra que encarar\u00e1 la Provincia, y que consistir\u00e1 en cuatro minipenales para alojar 1.152 reclusos. <strong>La inversi\u00f3n alcanzar\u00e1 los $ 107.000 millones.<\/strong><\/p>\n\n\n\n<p>La secretaria de Asuntos Penales del Ministerio de Justicia y Seguridad, Luc\u00eda Masneri, brind\u00f3 detalles del nuevo <strong>Centro Reclusorio para Internos de Alto Perfil (CeRiap)<\/strong>, que se construir\u00e1 en <strong>Pi\u00f1ero<\/strong>, y que consistir\u00e1 en cuatro minipenales de 288 celdas, con 12 pabellones de 24 celdas, para alojar a 1.152 reclusos, en total. En los trabajos, que tendr\u00e1n una superficie cubierta de 46.000 m\u00b2, se invertir\u00e1n $ 107.000 millones, aproximadamente.<\/p>\n\n\n\n<p>Al respecto, <strong>Masneri<\/strong> destac\u00f3 que <em>\u201csin dudas va a ser la c\u00e1rcel de mayor seguridad de Argentina; y probablemente de Am\u00e9rica Latina\u201d<\/em>; y precis\u00f3 que las <em>\u201cceldas ser\u00e1n individuales, en esta primera etapa, permitiendo que los internos no se vinculen entre s\u00ed\u201d<\/em>, por lo que est\u00e1 previsto se instale <em>\u201ctoda la tecnolog\u00eda disponible y se colocar\u00e1n barreras f\u00edsicas, para no s\u00f3lo impedir la evasi\u00f3n de las personas que se encuentran dentro, sino tambi\u00e9n repeler cualquier evasi\u00f3n asistida desde fuera\u201d.<\/em><\/p>\n\n\n\n<p>A continuaci\u00f3n, la secretaria detall\u00f3 que <em>\u201choy tenemos casi 600 internos de alto perfil, pero el n\u00famero viene creciendo de manera exponencial\u201d<\/em>. En el nuevo Centro ingresar\u00e1n <em>\u201caquellos reclusos que forman parte, principalmente, de asociaciones narcocriminales o quienes generan extorsiones, que tengan que ver con bandas que se encuentran activas y a\u00fan dan \u00f3rdenes hacia afuera, y que tienen recursos econ\u00f3micos y humanos para continuar su gesta delictiva\u201d.<\/em><\/p>\n\n\n\n<p>Por \u00faltimo, <strong>Masneri<\/strong> indic\u00f3 que <em>\u201cel plazo de obra es de 20 meses, desde el inicio, que est\u00e1 previsto para enero de 2025\u201d<\/em>; y se\u00f1al\u00f3 que <em>\u201cva a tener tres licitaciones, porque la intenci\u00f3n es que todo se haga pr\u00e1cticamente en simult\u00e1neo, permitiendo la participaci\u00f3n de hasta cinco empresas diferentes, garantizando el plazo de obra\u201d.<\/em><\/p>\n\n\n\n<figure class=\"wp-block-gallery has-nested-images columns-default is-cropped wp-block-gallery-1 is-layout-flex wp-block-gallery-is-layout-flex\">\n<figure class=\"wp-block-image size-large\"><img loading=\"lazy\" decoding=\"async\" width=\"1024\" height=\"683\" data-id=\"42625\" src=\"https:\/\/www.almargenweb.com.ar\/web\/wp-content\/uploads\/2024\/06\/2024-06-03NID_280413O_2-1024x683.jpeg\" alt=\"\" class=\"wp-image-42625\" srcset=\"https:\/\/www.almargenweb.com.ar\/web\/wp-content\/uploads\/2024\/06\/2024-06-03NID_280413O_2-1024x683.jpeg 1024w, https:\/\/www.almargenweb.com.ar\/web\/wp-content\/uploads\/2024\/06\/2024-06-03NID_280413O_2-300x200.jpeg 300w, https:\/\/www.almargenweb.com.ar\/web\/wp-content\/uploads\/2024\/06\/2024-06-03NID_280413O_2-768x512.jpeg 768w, https:\/\/www.almargenweb.com.ar\/web\/wp-content\/uploads\/2024\/06\/2024-06-03NID_280413O_2.jpeg 1200w\" sizes=\"auto, (max-width: 1024px) 100vw, 1024px\" \/><\/figure>\n<\/figure>\n\n\n\n<p class=\"has-medium-font-size\"><strong>INFRAESTRUCTURA PENITENCIARIA<\/strong><\/p>\n\n\n\n<p>Incluyendo la ampliaci\u00f3n de <strong>Pi\u00f1ero<\/strong>, el <strong>plan de Infraestructura penitenciaria<\/strong> que puso en marcha la gesti\u00f3n del <strong>gobernador Maximiliano Pullaro<\/strong> prev\u00e9 una inversi\u00f3n total del orden de los $ 227.000 millones para construir unas 2.460 celdas que permitir\u00e1n alojar a 3.632 reclusos, con una superficie cubierta de 92.630 metros cuadrados.<\/p>\n\n\n\n<p>El objetivo es <strong>ampliar la capacidad de las c\u00e1rceles santafesinas<\/strong>, para as\u00ed continuar con el vaciamiento de las comisar\u00edas.<\/p>\n\n\n\n<p>El plan director, elaborado por la <strong>Unidad Ejecutora de Infraestructura<\/strong>, incluye la construcci\u00f3n de siete m\u00f3dulos en complejos penitenciarios provinciales, m\u00e1s all\u00e1 de las obras del minipenal de 160 celdas con capacidad para 320 reclusos, denominada Subunidad N\u00ba 4, que ya comenzaron a realizarse en la Unidad Penitenciaria N\u00ba 5 de <strong>Rosario<\/strong>.<\/p>\n<!-- AddThis Advanced Settings generic via filter on the_content --><!-- AddThis Share Buttons generic via filter on the_content -->","protected":false},"excerpt":{"rendered":"<p>As\u00ed lo dijo la secretaria de Asuntos Penales de Santa Fe, Luc\u00eda Masneri. Se refiri\u00f3 a [&hellip;]<!-- AddThis Advanced Settings generic via filter on get_the_excerpt --><!-- AddThis Share Buttons generic via filter on get_the_excerpt --><\/p>\n","protected":false},"author":17,"featured_media":42626,"comment_status":"closed","ping_status":"open","sticky":false,"template":"","format":"standard","meta":{"_seopress_robots_primary_cat":"none","_seopress_titles_title":"","_seopress_titles_desc":"","_seopress_robots_index":"","_themeisle_gutenberg_block_has_review":false,"footnotes":""},"categories":[48],"tags":[693,702,703,595,705,701,704,643],"class_list":["post-42622","post","type-post","status-publish","format-standard","has-post-thumbnail","hentry","category-provinciales","tag-carceles","tag-delincuencia","tag-delincuentes","tag-maximiliano-pullaro","tag-narcotrafico-2","tag-penitenciarias","tag-presos","tag-seguridad-2"],"_links":{"self":[{"href":"https:\/\/www.almargenweb.com.ar\/web\/wp-json\/wp\/v2\/posts\/42622","targetHints":{"allow":["GET"]}}],"collection":[{"href":"https:\/\/www.almargenweb.com.ar\/web\/wp-json\/wp\/v2\/posts"}],"about":[{"href":"https:\/\/www.almargenweb.com.ar\/web\/wp-json\/wp\/v2\/types\/post"}],"author":[{"embeddable":true,"href":"https:\/\/www.almargenweb.com.ar\/web\/wp-json\/wp\/v2\/users\/17"}],"replies":[{"embeddable":true,"href":"https:\/\/www.almargenweb.com.ar\/web\/wp-json\/wp\/v2\/comments?post=42622"}],"version-history":[{"count":1,"href":"https:\/\/www.almargenweb.com.ar\/web\/wp-json\/wp\/v2\/posts\/42622\/revisions"}],"predecessor-version":[{"id":42627,"href":"https:\/\/www.almargenweb.com.ar\/web\/wp-json\/wp\/v2\/posts\/42622\/revisions\/42627"}],"wp:featuredmedia":[{"embeddable":true,"href":"https:\/\/www.almargenweb.com.ar\/web\/wp-json\/wp\/v2\/media\/42626"}],"wp:attachment":[{"href":"https:\/\/www.almargenweb.com.ar\/web\/wp-json\/wp\/v2\/media?parent=42622"}],"wp:term":[{"taxonomy":"category","embeddable":true,"href":"https:\/\/www.almargenweb.com.ar\/web\/wp-json\/wp\/v2\/categories?post=42622"},{"taxonomy":"post_tag","embeddable":true,"href":"https:\/\/www.almargenweb.com.ar\/web\/wp-json\/wp\/v2\/tags?post=42622"}],"curies":[{"name":"wp","href":"https:\/\/api.w.org\/{rel}","templated":true}]}}