{"id":42506,"date":"2024-05-16T19:46:02","date_gmt":"2024-05-16T22:46:02","guid":{"rendered":"https:\/\/www.almargenweb.com.ar\/web\/?p=42506"},"modified":"2024-05-16T19:46:04","modified_gmt":"2024-05-16T22:46:04","slug":"pullaro-el-estado-dejo-de-ser-el-estado-bobo-de-la-provincia-de-santa-fe","status":"publish","type":"post","link":"https:\/\/www.almargenweb.com.ar\/web\/pullaro-el-estado-dejo-de-ser-el-estado-bobo-de-la-provincia-de-santa-fe\/","title":{"rendered":"Pullaro: \u201cEl Estado dej\u00f3 de ser el Estado bobo de la provincia de Santa Fe\u201d"},"content":{"rendered":"\n<p><em>\u201cEstamos trabajando para garantizar que todos y todas puedan vivir mejor\u201d<\/em>, enfatiz\u00f3 el <strong>gobernador<\/strong> al referirse a las <strong>pol\u00edticas p\u00fablicas de seguridad en las c\u00e1rceles<\/strong>.<\/p>\n\n\n\n<p>En el marco de las pol\u00edticas que el <strong>Gobierno de la provincia de Santa Fe<\/strong> implementa en materia de seguridad y particularmente en las c\u00e1rceles, el <strong>gobernador de la provincia de Santa Fe<\/strong>, <strong>Maximiliano Pullaro<\/strong>, enfatiz\u00f3 este mi\u00e9rcoles que <em>\u201cestamos siendo muy duros, poniendo mucho orden, porque era lo que hab\u00eda que hacer. No podemos permitir que los presos desde all\u00ed manejen organizaciones criminales. No vamos permitir que desde la c\u00e1rcel manden a matar y a extorsionar. El Estado dej\u00f3 de ser el Estado bobo de la provincia de Santa Fe\u201d<\/em>, sentenci\u00f3.\u00a0<\/p>\n\n\n\n<p>Durante la presentaci\u00f3n de 30 patrulleros para la ciudad de Santa Fe, el mandatario explic\u00f3 que <\/p>\n\n\n\n<p class=\"has-text-align-center\"><em>\u201cnosotros no vamos a tener m\u00e1s debates est\u00e9riles ac\u00e1. Vamos a debatir lo que es importante y vamos a trabajar para garantizarle la seguridad p\u00fablica a los hombres y mujeres de nuestra provincia. No vamos a debatir de algunas cosas intelectuales que alejan a la realidad de lo que est\u00e1 pasando. Por eso algunos nos critican en este momento, dicen que no estamos cumpliendo con los derechos y con las garant\u00edas. Mentira. A nosotros la ley nos faculta hacer lo que estamos haciendo en la c\u00e1rcel y lo que hacemos es que se cumpla con la ley y que se cumpla la Constituci\u00f3n. Eso no lo vamos a dejar de hacer nunca\u201d.\u00a0<\/em><\/p>\n\n\n\n<p><strong>Ll\u00e9venselos a su casa<\/strong><\/p>\n\n\n\n<p>En ese punto se refiri\u00f3 a <em>\u201cquienes vienen a hablar de los derechos humanos y de que los presos son pobrecitos. A ellos les queremos decir: ll\u00e9venselos a sus casas. Si tan buenos son, ll\u00e9venselos a sus casas a estos presos. Aqu\u00ed los presos no van a cometer m\u00e1s delitos desde la c\u00e1rcel, no van a tener celular y no es que no les entra comida porque nosotros somos malos: no dejamos que les entre de afuera porque ah\u00ed les llevan elementos ilegales y todos lo saben. Lo saben los abogados defensores, la familia y los organismos de derechos humanos. \u00a1Que nos vienen a decir cu\u00e1l es el problema de la comida en la c\u00e1rcel! Porque ah\u00ed entraba droga, elementos prohibidos y celulares. Se termin\u00f3 y vamos a trabajar para garantizar que todos y todas puedan vivir mejor\u201d<\/em>.<\/p>\n\n\n\n<p>Para finalizar, <strong>Pullaro<\/strong> expres\u00f3: <em>\u201cSiento mucha bronca, porque no es justo lo que pas\u00f3 en la provincia de Santa Fe y nosotros tenemos una enorme definici\u00f3n sobre el rumbo a seguir. Les agradezco a muchos legisladores que estudiaron en profundidad esto. No es f\u00e1cil porque uno tiene una formaci\u00f3n pol\u00edtica. Soy polit\u00f3logo, formado en ciencias sociales, pero cuando uno se choca con la realidad o cuando uno ve a una persona o que un familiar fue v\u00edctima de un delito violento, de un delito contra la vida, cambia la forma de ser y la forma de pensar. Cuando a uno le toca estar al frente de la Polic\u00eda y del Servicio Penitenciario durante cuatro a\u00f1os, como en mi caso, como ministro, cambia la forma de pensar y pone como prioridad resolver los problemas. Y este gobierno vino a resolver los problemas\u201d<\/em>, complet\u00f3.<\/p>\n<!-- AddThis Advanced Settings generic via filter on the_content --><!-- AddThis Share Buttons generic via filter on the_content -->","protected":false},"excerpt":{"rendered":"<p>\u201cEstamos trabajando para garantizar que todos y todas puedan vivir mejor\u201d, enfatiz\u00f3 el gobernador al referirse [&hellip;]<!-- AddThis Advanced Settings generic via filter on get_the_excerpt --><!-- AddThis Share Buttons generic via filter on get_the_excerpt --><\/p>\n","protected":false},"author":17,"featured_media":42509,"comment_status":"closed","ping_status":"open","sticky":false,"template":"","format":"standard","meta":{"_seopress_robots_primary_cat":"none","_seopress_titles_title":"","_seopress_titles_desc":"","_seopress_robots_index":"","_themeisle_gutenberg_block_has_review":false,"footnotes":""},"categories":[48],"tags":[693,56,595,71,643],"class_list":["post-42506","post","type-post","status-publish","format-standard","has-post-thumbnail","hentry","category-provinciales","tag-carceles","tag-gobernador","tag-maximiliano-pullaro","tag-santa-fe","tag-seguridad-2"],"_links":{"self":[{"href":"https:\/\/www.almargenweb.com.ar\/web\/wp-json\/wp\/v2\/posts\/42506","targetHints":{"allow":["GET"]}}],"collection":[{"href":"https:\/\/www.almargenweb.com.ar\/web\/wp-json\/wp\/v2\/posts"}],"about":[{"href":"https:\/\/www.almargenweb.com.ar\/web\/wp-json\/wp\/v2\/types\/post"}],"author":[{"embeddable":true,"href":"https:\/\/www.almargenweb.com.ar\/web\/wp-json\/wp\/v2\/users\/17"}],"replies":[{"embeddable":true,"href":"https:\/\/www.almargenweb.com.ar\/web\/wp-json\/wp\/v2\/comments?post=42506"}],"version-history":[{"count":1,"href":"https:\/\/www.almargenweb.com.ar\/web\/wp-json\/wp\/v2\/posts\/42506\/revisions"}],"predecessor-version":[{"id":42512,"href":"https:\/\/www.almargenweb.com.ar\/web\/wp-json\/wp\/v2\/posts\/42506\/revisions\/42512"}],"wp:featuredmedia":[{"embeddable":true,"href":"https:\/\/www.almargenweb.com.ar\/web\/wp-json\/wp\/v2\/media\/42509"}],"wp:attachment":[{"href":"https:\/\/www.almargenweb.com.ar\/web\/wp-json\/wp\/v2\/media?parent=42506"}],"wp:term":[{"taxonomy":"category","embeddable":true,"href":"https:\/\/www.almargenweb.com.ar\/web\/wp-json\/wp\/v2\/categories?post=42506"},{"taxonomy":"post_tag","embeddable":true,"href":"https:\/\/www.almargenweb.com.ar\/web\/wp-json\/wp\/v2\/tags?post=42506"}],"curies":[{"name":"wp","href":"https:\/\/api.w.org\/{rel}","templated":true}]}}