{"id":42355,"date":"2024-04-11T19:58:11","date_gmt":"2024-04-11T22:58:11","guid":{"rendered":"https:\/\/www.almargenweb.com.ar\/web\/?p=42355"},"modified":"2024-04-11T19:58:14","modified_gmt":"2024-04-11T22:58:14","slug":"comuna-de-ambrosetti-productores-apicolas-y-el-senador-michlig-avanzan-en-la-concrecion-de-una-sala-de-extraccion-de-miel","status":"publish","type":"post","link":"https:\/\/www.almargenweb.com.ar\/web\/comuna-de-ambrosetti-productores-apicolas-y-el-senador-michlig-avanzan-en-la-concrecion-de-una-sala-de-extraccion-de-miel\/","title":{"rendered":"Comuna de Ambrosetti, productores ap\u00edcolas y el Senador Michlig avanzan en la concreci\u00f3n de una sala de extracci\u00f3n de miel"},"content":{"rendered":"\n<p>Se trata de una importante obra edilicia que tanto la <strong>Presidente Comunal de Ambrosetti, Dianela Michlig<\/strong>, como el <strong>Senador Provincial Felipe Michlig<\/strong> han asumido como desaf\u00edo prioriotario de sus respectivas gestiones.<\/p>\n\n\n\n<p>La actividad ap\u00edcola en Ambrosetti  <em>\u201ccomprende a unos 20 productores de Ambrosetti, con aproximadamente 3.000 colmenas que dan como resultado unas 120 toneladas de miel por a\u00f1o\u201d<\/em>, seg\u00fan indic\u00f3 el<strong> t\u00e9cnico ap\u00edcola Juan Dukart<\/strong>, quien acompa\u00f1a al <strong>grupo de cambio rural &#8220;Apicultores de Ambosetti&#8221;<\/strong> en el desarrollo de su actividad.<\/p>\n\n\n\n<p>Con la intenci\u00f3n de planificar los cursos de acci\u00f3n futuros para dar finalizaci\u00f3n a la obra edilicia de la mencionada sala, se reuni\u00f3 este martes el Senador Provincial Felipe Michlig, la Presidente Comunal de Ambrosetti y miembros del citado grupo de apicultores.<\/p>\n\n\n\n<p class=\"has-medium-font-size\"><strong>Organizaci\u00f3n y producci\u00f3n<\/strong><\/p>\n\n\n\n<p>La <strong>Presidente Comunal Dianela Michlig<\/strong> explic\u00f3 que <\/p>\n\n\n\n<p class=\"has-text-align-center\"><em>\u201cla obra del edificio propio para esta actividad productiva lo asumimos como un desaf\u00edo prioritario de nuestra gesti\u00f3n, como tambi\u00e9n lo ha sido para el Senador, con una fuerte inversi\u00f3n y ya est\u00e1 llegando a su etapa final. Por ello, queremos encontrar la mejor manera de organizaci\u00f3n por parte de los productores ap\u00edcolas, y seguir ayudando para conseguir todas las maquinarias e implementos necesarios, como as\u00ed tambi\u00e9n la obra energ\u00e9tica que hace falta\u201d.<\/em><\/p>\n\n\n\n<p>Por otra parte, en cuanto a la forma de organizaci\u00f3n jur\u00eddica -entre los productores ap\u00edcolas y la Comuna- <em>\u201cse viene evaluando la posibilidad de hacer un comodato por el edificio de la sala de extracci\u00f3n de miel a 20 o 30 a\u00f1os, para lo cual se seguir\u00e1 recurriendo al asesoramiento de las distintas \u00e1reas de la cartera de la producci\u00f3n de la provincia\u201d<\/em>, explic\u00f3.<\/p>\n\n\n\n<p class=\"has-medium-font-size\"><strong>\u201cSinergia productiva entre lo p\u00fablico y lo privado\u201d<\/strong><\/p>\n\n\n\n<p>El<strong> Senador Michlig<\/strong> detall\u00f3 gestiones y tr\u00e1mites de proyectos posibles para lograr dotar de energ\u00eda las instalaciones, <em>\u201cen el marco del Fondo de Electrificaci\u00f3n Rural\u201d<\/em>, como as\u00ed tambi\u00e9n la evaluaci\u00f3n de <em>\u201cl\u00edneas crediticias del Ministerio de Desarrollo Productivo para afrontar los gastos de maquinarias, que sabemos son muy costosas y cuyos precios son en d\u00f3lares\u201d<\/em>.<\/p>\n\n\n\n<p>A su vez, se\u00f1al\u00f3<\/p>\n\n\n\n<p class=\"has-text-align-center\"><em>\u201cComo lo explic\u00f3 el Ministro Gustavo Puccini, recientemente en una visita a esta localidad, desde el gobierno provincial se trabaja fuertemente para apoyar a todas las actividades productivas, apostando a una sinergia entre lo p\u00fablico y lo privado que permita un mayor desarrollo productivo y generaci\u00f3n de nuevas fuentes de empleo. En este caso creemos que est\u00e1n todas las condiciones dadas para avanzar positivamente en ese sentido\u201d<\/em>.<\/p>\n<!-- AddThis Advanced Settings generic via filter on the_content --><!-- AddThis Share Buttons generic via filter on the_content -->","protected":false},"excerpt":{"rendered":"<p>Se trata de una importante obra edilicia que tanto la Presidente Comunal de Ambrosetti, Dianela Michlig, [&hellip;]<!-- AddThis Advanced Settings generic via filter on get_the_excerpt --><!-- AddThis Share Buttons generic via filter on get_the_excerpt --><\/p>\n","protected":false},"author":17,"featured_media":42358,"comment_status":"closed","ping_status":"open","sticky":false,"template":"","format":"standard","meta":{"_seopress_robots_primary_cat":"none","_seopress_titles_title":"","_seopress_titles_desc":"","_seopress_robots_index":"","_themeisle_gutenberg_block_has_review":false,"footnotes":""},"categories":[20,321],"tags":[],"class_list":["post-42355","post","type-post","status-publish","format-standard","has-post-thumbnail","hentry","category-departamentales","category-san-cristobal"],"_links":{"self":[{"href":"https:\/\/www.almargenweb.com.ar\/web\/wp-json\/wp\/v2\/posts\/42355","targetHints":{"allow":["GET"]}}],"collection":[{"href":"https:\/\/www.almargenweb.com.ar\/web\/wp-json\/wp\/v2\/posts"}],"about":[{"href":"https:\/\/www.almargenweb.com.ar\/web\/wp-json\/wp\/v2\/types\/post"}],"author":[{"embeddable":true,"href":"https:\/\/www.almargenweb.com.ar\/web\/wp-json\/wp\/v2\/users\/17"}],"replies":[{"embeddable":true,"href":"https:\/\/www.almargenweb.com.ar\/web\/wp-json\/wp\/v2\/comments?post=42355"}],"version-history":[{"count":3,"href":"https:\/\/www.almargenweb.com.ar\/web\/wp-json\/wp\/v2\/posts\/42355\/revisions"}],"predecessor-version":[{"id":42361,"href":"https:\/\/www.almargenweb.com.ar\/web\/wp-json\/wp\/v2\/posts\/42355\/revisions\/42361"}],"wp:featuredmedia":[{"embeddable":true,"href":"https:\/\/www.almargenweb.com.ar\/web\/wp-json\/wp\/v2\/media\/42358"}],"wp:attachment":[{"href":"https:\/\/www.almargenweb.com.ar\/web\/wp-json\/wp\/v2\/media?parent=42355"}],"wp:term":[{"taxonomy":"category","embeddable":true,"href":"https:\/\/www.almargenweb.com.ar\/web\/wp-json\/wp\/v2\/categories?post=42355"},{"taxonomy":"post_tag","embeddable":true,"href":"https:\/\/www.almargenweb.com.ar\/web\/wp-json\/wp\/v2\/tags?post=42355"}],"curies":[{"name":"wp","href":"https:\/\/api.w.org\/{rel}","templated":true}]}}