{"id":42301,"date":"2024-04-04T12:31:56","date_gmt":"2024-04-04T15:31:56","guid":{"rendered":"https:\/\/www.almargenweb.com.ar\/web\/?p=42301"},"modified":"2024-04-04T12:45:41","modified_gmt":"2024-04-04T15:45:41","slug":"la-sociedad-rural-de-las-colonias-prepara-una-nueva-edicion-de-la-vidriera-genetica","status":"publish","type":"post","link":"https:\/\/www.almargenweb.com.ar\/web\/la-sociedad-rural-de-las-colonias-prepara-una-nueva-edicion-de-la-vidriera-genetica\/","title":{"rendered":"La Sociedad Rural de Las Colonias prepara una nueva edici\u00f3n de la Vidriera Gen\u00e9tica"},"content":{"rendered":"\n<h2 class=\"wp-block-heading\"><\/h2>\n\n\n\n<p>El vicepresidente de la <strong>Sociedad Rural de Las Colonias<\/strong>, <strong>Diego Alonso<\/strong>, anunci\u00f3 que el pr\u00f3ximo viernes 12 de abril se llevar\u00e1 a cabo una nueva edici\u00f3n de la <strong>Vidriera Gen\u00e9tica<\/strong> y di\u00f3 a conocer algunos pormenores del evento.<\/p>\n\n\n\n<p>De acuerdo a los dichos de <strong>Alonso<\/strong>, a diez d\u00edas de realizarse el remate anual, en el marco del 80\u00ba aniversario de la <strong>Sociedad Rural<\/strong>; ya se encuentra todo en marcha y con muy buenos lotes de vaquillonas comprometidos en participar. En este sentido, es de destacar el auspicio de la <strong>Asociaci\u00f3n de Criadores de Holando Argentino (ACHA)<\/strong>, con un jurado destacado por esa entidad.<\/p>\n\n\n\n<p>Adem\u00e1s coment\u00f3 que <em>\u201cGabriel Miretti, que es un criador y caba\u00f1ero de Rafaela muy conocido en la zona, har\u00e1 el ordenamiento de los lotes y que ese mismo viernes 12, a las 10, brindar\u00e1 una charla a los alumnos de las escuelas agrot\u00e9cnicas, productores y estudiantes de Agronom\u00eda y Veterinarias\u201d.<\/em><\/p>\n\n\n\n<p>En referencia a las charlas que se desarrollar\u00e1n, el vicepresidente de la Sociedad Rural, destac\u00f3 que las charlas a desarrollarse est\u00e1n especialmente destinada a los j\u00f3venes, como son los estudiantes de las <strong>Facultades de Ciencias Agrarias y Ciencias Veterinarias<\/strong>, los chicos que participan en el <strong>Ateneo de Sociedad Rural Las Colonias<\/strong>. En este sentido, indic\u00f3 que <em>&#8220;la participaci\u00f3n de la juventud siempre ocurre y es muy lindo ver el fen\u00f3meno porque tienen una importancia may\u00fascula en el desarrollo de todo esto\u201d.<\/em><\/p>\n\n\n\n<p>Al mismo tiempo, <strong>Diego Alonso<\/strong> reflexion\u00f3:<\/p>\n\n\n\n<p class=\"has-text-align-center\"><em>\u201cEspero y deseo que los j\u00f3venes de entre 15 y 25 a\u00f1os se acoplen a este movimiento que va a ser muy importante a futuro porque vienen momentos muy importantes para la Argentina y tenemos que esperarlo preparados y desarrollar todo lo que es el sector agropecuario que estuvo muchos a\u00f1os frenado\u201d.<\/em><\/p>\n\n\n\n<p>En esta oportunidad, seg\u00fan se pudo conocer, la <strong>Vidriera Gen\u00e9tica de la Sociedad Rural Las Colonias<\/strong>, contar\u00e1 con una peque\u00f1a muestra de maquinaria agr\u00edcola. En tanto, desde la entidad recordaron que la charla que brindar\u00e1 Gabriel Miretti ser\u00e1 <strong>libre y gratuita<\/strong> y que la Vidriera Gen\u00e9tica es un evento <strong>abierto al p\u00fablico<\/strong>, por tanto se espera a todos los que deseen participar en el predio de la feria en Cavour.<\/p>\n\n\n\n<p>Por otro lado, <strong>Alonso<\/strong> coment\u00f3 que:<\/p>\n\n\n\n<p class=\"has-text-align-center\"><em>\u201cEl remate se transmitir\u00e1 por streaming pero apostamos a la presencialidad. Y as\u00ed tambi\u00e9n se pueden aprovechar otras charlas, como la que dar\u00e1n estudiantes de la escuela agrot\u00e9cnica de Pozo del Muelle que contar\u00e1 su experiencia con las razas lecheras, la calidad de leche que dan y la producci\u00f3n de dulce de leche; y los chicos de la escuela Granja de Esperanza que hablar\u00e1n de su experiencia con el tambo\u201d.<\/em><\/p>\n\n\n\n<p>A todo lo detallado se suma que habr\u00e1 dos charlas referidas a producci\u00f3n lechera, en conmemoraci\u00f3n de los 80 a\u00f1os: una ser\u00e1 el 10 de abril a las 19 horas, a cargo del <strong>m\u00e9dico veterinario y profesor de la c\u00e1tedra Cl\u00ednica de Grandes Animales<\/strong>, <strong>Mart\u00edn Alassia<\/strong>, sobre\u00a0<em>&#8220;Anaplasmosis en los tambos&#8221;\u00a0<\/em>en la sede de la Rural. Una segunda charla el 7 de mayo a las 19 horas a cargo de la <strong>m\u00e9dica veterinaria Jorgelina Torrents<\/strong>, del laboratorio de inmunolog\u00eda del INTA que hablar\u00e1 de prevenci\u00f3n de dicha enfermedad, epidemiologia, profilaxis y vacunaci\u00f3n.<\/p>\n\n\n\n<p><a href=\"https:\/\/www.esperanzadiaxdia.com.ar\/galeria\/fotos\/2022\/04\/12\/o_vidriera-genetica.jpg\" target=\"_blank\" rel=\"noreferrer noopener\"><\/a><\/p>\n<!-- AddThis Advanced Settings generic via filter on the_content --><!-- AddThis Share Buttons generic via filter on the_content -->","protected":false},"excerpt":{"rendered":"<p>El vicepresidente de la Sociedad Rural de Las Colonias, Diego Alonso, anunci\u00f3 que el pr\u00f3ximo viernes [&hellip;]<!-- AddThis Advanced Settings generic via filter on get_the_excerpt --><!-- AddThis Share Buttons generic via filter on get_the_excerpt --><\/p>\n","protected":false},"author":17,"featured_media":42305,"comment_status":"closed","ping_status":"open","sticky":false,"template":"","format":"standard","meta":{"_seopress_robots_primary_cat":"none","_seopress_titles_title":"","_seopress_titles_desc":"","_seopress_robots_index":"","_themeisle_gutenberg_block_has_review":false,"footnotes":""},"categories":[2,21],"tags":[678,592,85,679,677],"class_list":["post-42301","post","type-post","status-publish","format-standard","has-post-thumbnail","hentry","category-actualidad","category-las-colonias","tag-campo","tag-las-colonias","tag-produccion","tag-productores","tag-sociedad-rural"],"_links":{"self":[{"href":"https:\/\/www.almargenweb.com.ar\/web\/wp-json\/wp\/v2\/posts\/42301","targetHints":{"allow":["GET"]}}],"collection":[{"href":"https:\/\/www.almargenweb.com.ar\/web\/wp-json\/wp\/v2\/posts"}],"about":[{"href":"https:\/\/www.almargenweb.com.ar\/web\/wp-json\/wp\/v2\/types\/post"}],"author":[{"embeddable":true,"href":"https:\/\/www.almargenweb.com.ar\/web\/wp-json\/wp\/v2\/users\/17"}],"replies":[{"embeddable":true,"href":"https:\/\/www.almargenweb.com.ar\/web\/wp-json\/wp\/v2\/comments?post=42301"}],"version-history":[{"count":1,"href":"https:\/\/www.almargenweb.com.ar\/web\/wp-json\/wp\/v2\/posts\/42301\/revisions"}],"predecessor-version":[{"id":42304,"href":"https:\/\/www.almargenweb.com.ar\/web\/wp-json\/wp\/v2\/posts\/42301\/revisions\/42304"}],"wp:featuredmedia":[{"embeddable":true,"href":"https:\/\/www.almargenweb.com.ar\/web\/wp-json\/wp\/v2\/media\/42305"}],"wp:attachment":[{"href":"https:\/\/www.almargenweb.com.ar\/web\/wp-json\/wp\/v2\/media?parent=42301"}],"wp:term":[{"taxonomy":"category","embeddable":true,"href":"https:\/\/www.almargenweb.com.ar\/web\/wp-json\/wp\/v2\/categories?post=42301"},{"taxonomy":"post_tag","embeddable":true,"href":"https:\/\/www.almargenweb.com.ar\/web\/wp-json\/wp\/v2\/tags?post=42301"}],"curies":[{"name":"wp","href":"https:\/\/api.w.org\/{rel}","templated":true}]}}