{"id":41840,"date":"2024-01-30T17:47:05","date_gmt":"2024-01-30T20:47:05","guid":{"rendered":"https:\/\/www.almargenweb.com.ar\/web\/?p=41840"},"modified":"2024-01-30T17:47:07","modified_gmt":"2024-01-30T20:47:07","slug":"elevado-deficit-de-aprendizaje-e-inasistencias-en-alumnos-del-secundario-de-toda-la-provincia","status":"publish","type":"post","link":"https:\/\/www.almargenweb.com.ar\/web\/elevado-deficit-de-aprendizaje-e-inasistencias-en-alumnos-del-secundario-de-toda-la-provincia\/","title":{"rendered":"Elevado d\u00e9ficit de aprendizaje e inasistencias en alumnos del secundario de toda la provincia"},"content":{"rendered":"\n<p>As\u00ed lo asegura el informe presentado por el <strong>Ministro de Educaci\u00f3n Jos\u00e9 Goity<\/strong>, que llev\u00f3 adelante junto al equipo de trabajo de su cartera, previo al inicio de intensificaci\u00f3n de clases. <\/p>\n\n\n\n<p>Del total de alumnos que durante el 2023 se matricularon en las escuelas, e<strong>l 52% adeuda cuatro o m\u00e1s materias<\/strong>. A su vez, es alarmante el <strong>alto \u00edndice de inasistencias<\/strong> que presenta el alumnado. <\/p>\n\n\n\n<p>En la presentaci\u00f3n del informe, en la ciudad de Rosario, el <strong>Ministro de Educaci\u00f3n<\/strong> indic\u00f3 que <em>\u201cvenimos a poner sobre la mesa un problema que tiene n\u00fameros, y esos n\u00fameros tienen cara, tienen vida\u201d<\/em>, en este sentido record\u00f3 que <em>&#8220;en diciembre promovimos la sanci\u00f3n de una ley de crisis y de emergencia educativa, en salud y en seguridad y en lo social, porque ten\u00edamos estos datos y porque est\u00e1bamos viendo esta realidad\u201d<\/em>. Y record\u00f3 que <em>&#8220;en el primer d\u00eda de gesti\u00f3n de Maximiliano Pullaro se dio por finalizado el sistema de Avance Continuo, que hac\u00eda a los chicos pasar de a\u00f1o sin tener materias aprobadas&#8221;<\/em>.<\/p>\n\n\n\n<p>Para <strong>Jos\u00e9 Goity<\/strong>, <em>&#8220;estos son los problemas del sistema educativo&#8221;<\/em> y <em>&#8220;con el gobernador Maximiliano Pullaro planteamos que venimos a resolver los problemas, pero la primera condici\u00f3n es afrontarlos con transparencia, con honestidad, ponerlos sobre la mesa. Y generar los consensos, las acciones y los recursos para poder resolverlos\u201d<\/em>.<\/p>\n\n\n\n<p>Durante la conferencia de presentaci\u00f3n el panel presente especific\u00f3 las acciones que se desarrollar\u00e1n desde el <strong>Ministerio de Educaci\u00f3n<\/strong> para modificar un escenario que se define como <em>&#8220;complejo&#8221;<\/em> y se motiv\u00f3 a los estudiantes que adeudan materias a ir a las escuelas desde el 1\u00b0 de febrero.<\/p>\n\n\n\n<p>Desde Educaci\u00f3n convocan a los estudiantes de toda la provincia de Santa Fe que deben rendir materias para que vayan a las escuelas <em>&#8220;porque es ah\u00ed donde se producen conocimientos, donde se acreditan saberes y donde los docentes ense\u00f1an&#8221;<\/em>.<\/p>\n\n\n\n<p>El Ministerio dice comprometerse para acompa\u00f1ar este proceso frente al cual <em>&#8220;la docencia se va preparando, a partir de los resultados que vieron en cada escuela en diciembre&#8221;<\/em><\/p>\n\n\n\n<p>Si bien es de &#8220;preocupaci\u00f3n&#8221; el marco actual desde el cual se pronuncia el Ministerio de Educaci\u00f3n, frente a la situaci\u00f3n de la educaci\u00f3n secundaria, lo hacen bajo la premisa de que <em>&#8220;un alumno que no pudo llegar a un aprendizaje es v\u00edctima, no responsable de la situaci\u00f3n&#8221;<\/em>. As\u00ed lo expuso el <strong>Ministro Jos\u00e9 Goity<\/strong>, junto a la <strong>Secretaria de Educaci\u00f3n\u00a0Carolina Piedrabuena<\/strong>,\u00a0y la <strong>secretaria de Gesti\u00f3n Territorial,\u00a0Daiana Gallo Ambrosis<\/strong>,\u00a0entre otros integrantes de la cartera educativa.<\/p>\n\n\n\n<figure class=\"wp-block-gallery has-nested-images columns-default is-cropped wp-block-gallery-1 is-layout-flex wp-block-gallery-is-layout-flex\">\n<figure class=\"wp-block-image size-large\"><img loading=\"lazy\" decoding=\"async\" width=\"899\" height=\"590\" data-id=\"41845\" src=\"https:\/\/www.almargenweb.com.ar\/web\/wp-content\/uploads\/2024\/01\/Goity-informe.jpg\" alt=\"\" class=\"wp-image-41845\" srcset=\"https:\/\/www.almargenweb.com.ar\/web\/wp-content\/uploads\/2024\/01\/Goity-informe.jpg 899w, https:\/\/www.almargenweb.com.ar\/web\/wp-content\/uploads\/2024\/01\/Goity-informe-300x197.jpg 300w, https:\/\/www.almargenweb.com.ar\/web\/wp-content\/uploads\/2024\/01\/Goity-informe-768x504.jpg 768w\" sizes=\"auto, (max-width: 899px) 100vw, 899px\" \/><\/figure>\n<\/figure>\n\n\n\n<p class=\"has-medium-font-size\"><strong>Diagn\u00f3stico sobre el desempe\u00f1o escolar<\/strong><\/p>\n\n\n\n<p>Piedrabuena detall\u00f3 que en abril de 2023 (fecha de corte para este estudio) hab\u00eda <strong>inscriptos en la provincia 258 mil estudiantes secundarios<\/strong>; de ellos, <strong>el 52 % (134 mil) adeudan entre 1, 2, 3 y 4 y m\u00e1s materias<\/strong>. S\u00f3lo <strong>115 mil no adeudaban ninguna asignatura<\/strong> en diciembre del a\u00f1o pasado.<\/p>\n\n\n\n<p>Atendiendo a los 134 mil estudiantes se dise\u00f1\u00f3 una especie de sem\u00e1foro. En \u00e9l 46 mil alumnos deben una o m\u00e1s asignaturas, e ir\u00e1n a la instancia de febrero para intensificar los n\u00facleos de aprendizaje prioritarios, acreditar y ser evaluados. Tras ello, a juicio del Ministerio, van a promocionar, por lo que estar\u00edan en el verde del sem\u00e1foro.<\/p>\n\n\n\n<p>Hay otros 14 mil estudiantes en riesgo, pero en amarillo, ya que al aprobar una materia consiguen pasar al a\u00f1o siguiente.<\/p>\n\n\n\n<p>El punto cr\u00edtico se encuentra en el rojo, donde figuran 74 mi estudiantes (55 %) que adeudan m\u00e1s de 4 materias, situ\u00e1ndose en un gran riesgo dentro del sistema.  Respecto a ellos, Piedrabuena advierte que <em>&#8220;son alumnos que no han podido tener una trayectoria educativa de calidad, que no han podido tener un sostenimiento en la secundaria que les permita llegar y promocionar al a\u00f1o siguiente&#8221;<\/em>.<\/p>\n\n\n\n<p class=\"has-medium-font-size\"><strong>Sobre la inasistencia a clases<\/strong><\/p>\n\n\n\n<p>Al continuar con el diagn\u00f3stico, Piedrabuena se refiri\u00f3 a la asistencia. <em>&#8220;Detectamos que hay <strong>44 mil estudiantes que no lograron tener asistencia sostenida<\/strong> en la provincia&#8221;<\/em>, indic\u00f3 la funcionaria y aclar\u00f3 que para tener regularidad esta debe ser de m\u00e1s del 80 %. De esta manera, la cifra de alumnos que se encontraban en el sistema pero con asistencia nula es de 9 mil chicos y chicas. Por su parte, hay 4 mil que tienen menos de 25 % de la asistencia y 31 mil con menos del 71 %.<\/p>\n\n\n\n<p><em>&#8220;Tenemos que trabajar en el control de la asistencia&#8221;<\/em>, porque <em>&#8220;cuando un joven no asiste a la escuela hay algo que le est\u00e1 sucediendo y el Ministerio tiene que llegar en tiempo oportuno, es decir, en el momento en que el alumno no perdi\u00f3 un a\u00f1o&#8221;<\/em>, dijo la secretaria de Educaci\u00f3n.<\/p>\n\n\n\n<figure class=\"wp-block-gallery has-nested-images columns-default is-cropped wp-block-gallery-2 is-layout-flex wp-block-gallery-is-layout-flex\">\n<figure class=\"wp-block-image size-large\"><img loading=\"lazy\" decoding=\"async\" width=\"1024\" height=\"684\" data-id=\"41849\" src=\"https:\/\/www.almargenweb.com.ar\/web\/wp-content\/uploads\/2024\/01\/panel-1024x684.jpeg\" alt=\"\" class=\"wp-image-41849\" srcset=\"https:\/\/www.almargenweb.com.ar\/web\/wp-content\/uploads\/2024\/01\/panel-1024x684.jpeg 1024w, https:\/\/www.almargenweb.com.ar\/web\/wp-content\/uploads\/2024\/01\/panel-300x200.jpeg 300w, https:\/\/www.almargenweb.com.ar\/web\/wp-content\/uploads\/2024\/01\/panel-768x513.jpeg 768w, https:\/\/www.almargenweb.com.ar\/web\/wp-content\/uploads\/2024\/01\/panel.jpeg 1200w\" sizes=\"auto, (max-width: 1024px) 100vw, 1024px\" \/><\/figure>\n<\/figure>\n\n\n\n<p class=\"has-medium-font-size\"><strong>Propuesta del Ministerio de Educaci\u00f3n <\/strong><\/p>\n\n\n\n<p>Una de las primeras definiciones tomadas por la cartera de Educaci\u00f3n provincial, que conduce <strong>Jos\u00e9 Goity<\/strong>, es convocar <em>&#8220;a todos los estudiantes a que el 1\u00b0 de febrero est\u00e9n en las escuelas&#8221;<\/em> para comenzar a revertir el d\u00e9ficit educativo. Por otro lado se decidi\u00f3 que <em>&#8220;todos los padres van a recibir un mensaje&#8221;<\/em> para que mediante dispositivo <strong>Mi Escuela<\/strong>, puedan verificar la libreta digital y constatar cu\u00e1les son las materias que sus hijos adeudan.<\/p>\n\n\n\n<p>Por otra parte, se convocar\u00e1 a supervisores y para informarles acerca de los docentes que se reintegran el 1\u00b0 de febrero y en qu\u00e9 materias: <em>&#8220;Para el 6 de febrero vamos a tener m\u00e1s del 50 % de docentes en las escuelas santafesinas&#8221;, <\/em>se\u00f1al\u00f3 la Secretaria de Educaci\u00f3n.<\/p>\n\n\n\n<p>Adem\u00e1s, se brindar\u00e1 a los directivos una n\u00f3mina de cada alumno con las materias que adeudan para agilizar el proceso. <em>&#8220;Con esa nominalidad vamos a trabajar&#8221;<\/em>, finaliz\u00f3 Piedrabuena.<\/p>\n<!-- AddThis Advanced Settings generic via filter on the_content --><!-- AddThis Share Buttons generic via filter on the_content -->","protected":false},"excerpt":{"rendered":"<p>As\u00ed lo asegura el informe presentado por el Ministro de Educaci\u00f3n Jos\u00e9 Goity, que llev\u00f3 adelante [&hellip;]<!-- AddThis Advanced Settings generic via filter on get_the_excerpt --><!-- AddThis Share Buttons generic via filter on get_the_excerpt --><\/p>\n","protected":false},"author":17,"featured_media":41846,"comment_status":"closed","ping_status":"open","sticky":false,"template":"","format":"standard","meta":{"_seopress_titles_title":"","_seopress_titles_desc":"","_seopress_robots_index":"","_seopress_robots_follow":"","_seopress_robots_imageindex":"","_seopress_robots_snippet":"","_seopress_robots_primary_cat":"none","_seopress_robots_breadcrumbs":"","_seopress_robots_freeze_modified_date":"","_seopress_robots_custom_modified_date":"","_seopress_robots_canonical":"","_seopress_social_fb_title":"","_seopress_social_fb_desc":"","_seopress_social_fb_img":"","_seopress_social_fb_img_attachment_id":0,"_seopress_social_fb_img_width":0,"_seopress_social_fb_img_height":0,"_seopress_social_twitter_title":"","_seopress_social_twitter_desc":"","_seopress_social_twitter_img":"","_seopress_social_twitter_img_attachment_id":0,"_seopress_social_twitter_img_width":0,"_seopress_social_twitter_img_height":0,"_seopress_redirections_value":"","_seopress_redirections_enabled":"","_seopress_redirections_enabled_regex":"","_seopress_redirections_logged_status":"both","_seopress_redirections_param":"","_seopress_redirections_type":301,"_seopress_analysis_target_kw":"","_themeisle_gutenberg_block_has_review":false,"footnotes":""},"categories":[19],"tags":[268,605,595,161],"class_list":["post-41840","post","type-post","status-publish","format-standard","has-post-thumbnail","hentry","category-educacion","tag-educacion-3","tag-jose-goity","tag-maximiliano-pullaro","tag-pullaro"],"_links":{"self":[{"href":"https:\/\/www.almargenweb.com.ar\/web\/wp-json\/wp\/v2\/posts\/41840","targetHints":{"allow":["GET"]}}],"collection":[{"href":"https:\/\/www.almargenweb.com.ar\/web\/wp-json\/wp\/v2\/posts"}],"about":[{"href":"https:\/\/www.almargenweb.com.ar\/web\/wp-json\/wp\/v2\/types\/post"}],"author":[{"embeddable":true,"href":"https:\/\/www.almargenweb.com.ar\/web\/wp-json\/wp\/v2\/users\/17"}],"replies":[{"embeddable":true,"href":"https:\/\/www.almargenweb.com.ar\/web\/wp-json\/wp\/v2\/comments?post=41840"}],"version-history":[{"count":7,"href":"https:\/\/www.almargenweb.com.ar\/web\/wp-json\/wp\/v2\/posts\/41840\/revisions"}],"predecessor-version":[{"id":41852,"href":"https:\/\/www.almargenweb.com.ar\/web\/wp-json\/wp\/v2\/posts\/41840\/revisions\/41852"}],"wp:featuredmedia":[{"embeddable":true,"href":"https:\/\/www.almargenweb.com.ar\/web\/wp-json\/wp\/v2\/media\/41846"}],"wp:attachment":[{"href":"https:\/\/www.almargenweb.com.ar\/web\/wp-json\/wp\/v2\/media?parent=41840"}],"wp:term":[{"taxonomy":"category","embeddable":true,"href":"https:\/\/www.almargenweb.com.ar\/web\/wp-json\/wp\/v2\/categories?post=41840"},{"taxonomy":"post_tag","embeddable":true,"href":"https:\/\/www.almargenweb.com.ar\/web\/wp-json\/wp\/v2\/tags?post=41840"}],"curies":[{"name":"wp","href":"https:\/\/api.w.org\/{rel}","templated":true}]}}