{"id":41392,"date":"2023-11-21T19:47:42","date_gmt":"2023-11-21T22:47:42","guid":{"rendered":"http:\/\/www.almargenweb.com.ar\/web\/?p=41392"},"modified":"2023-11-21T19:48:38","modified_gmt":"2023-11-21T22:48:38","slug":"la-union-civica-radical-expreso-su-disposicion-a-la-cooperacion-republicana-para-recuperar-la-argentina","status":"publish","type":"post","link":"https:\/\/www.almargenweb.com.ar\/web\/la-union-civica-radical-expreso-su-disposicion-a-la-cooperacion-republicana-para-recuperar-la-argentina\/","title":{"rendered":"La Uni\u00f3n C\u00edvica Radical expres\u00f3 &#8220;su disposici\u00f3n a la cooperaci\u00f3n republicana&#8221; para Recuperar la Argentina"},"content":{"rendered":"\n<p>Tras la victoria de Javier Milei, la Uni\u00f3n C\u00edvica Radical (UCR) se expres\u00f3 mediante un comunicado de prensa donde se pone a &#8220;su disposici\u00f3n a la cooperaci\u00f3n republicana para sumar soluciones a la recuperaci\u00f3n argentina&#8221;.<\/p>\n\n\n\n<p>&#8220;Hace 40 a\u00f1os recuperamos lademocracia, que permiti\u00f3 que nuevamente y otorge una visible matoria que respetamos aportando nuestros propositos de mas democracia con igualdad y equidad social&#8221;.<\/p>\n\n\n\n<p><\/p>\n\n\n\n<p><\/p>\n<!-- AddThis Advanced Settings generic via filter on the_content --><!-- AddThis Share Buttons generic via filter on the_content -->","protected":false},"excerpt":{"rendered":"<p>Tras la victoria de Javier Milei, la Uni\u00f3n C\u00edvica Radical (UCR) se expres\u00f3 mediante un comunicado [&hellip;]<!-- AddThis Advanced Settings generic via filter on get_the_excerpt --><!-- AddThis Share Buttons generic via filter on get_the_excerpt --><\/p>\n","protected":false},"author":16,"featured_media":41396,"comment_status":"open","ping_status":"open","sticky":false,"template":"","format":"standard","meta":{"_seopress_robots_primary_cat":"none","_seopress_titles_title":"","_seopress_titles_desc":"","_seopress_robots_index":"","_themeisle_gutenberg_block_has_review":false,"footnotes":""},"categories":[2,164,140,9],"tags":[],"class_list":["post-41392","post","type-post","status-publish","format-standard","has-post-thumbnail","hentry","category-actualidad","category-ambiente","category-nacionales","category-politica"],"_links":{"self":[{"href":"https:\/\/www.almargenweb.com.ar\/web\/wp-json\/wp\/v2\/posts\/41392","targetHints":{"allow":["GET"]}}],"collection":[{"href":"https:\/\/www.almargenweb.com.ar\/web\/wp-json\/wp\/v2\/posts"}],"about":[{"href":"https:\/\/www.almargenweb.com.ar\/web\/wp-json\/wp\/v2\/types\/post"}],"author":[{"embeddable":true,"href":"https:\/\/www.almargenweb.com.ar\/web\/wp-json\/wp\/v2\/users\/16"}],"replies":[{"embeddable":true,"href":"https:\/\/www.almargenweb.com.ar\/web\/wp-json\/wp\/v2\/comments?post=41392"}],"version-history":[{"count":1,"href":"https:\/\/www.almargenweb.com.ar\/web\/wp-json\/wp\/v2\/posts\/41392\/revisions"}],"predecessor-version":[{"id":41395,"href":"https:\/\/www.almargenweb.com.ar\/web\/wp-json\/wp\/v2\/posts\/41392\/revisions\/41395"}],"wp:featuredmedia":[{"embeddable":true,"href":"https:\/\/www.almargenweb.com.ar\/web\/wp-json\/wp\/v2\/media\/41396"}],"wp:attachment":[{"href":"https:\/\/www.almargenweb.com.ar\/web\/wp-json\/wp\/v2\/media?parent=41392"}],"wp:term":[{"taxonomy":"category","embeddable":true,"href":"https:\/\/www.almargenweb.com.ar\/web\/wp-json\/wp\/v2\/categories?post=41392"},{"taxonomy":"post_tag","embeddable":true,"href":"https:\/\/www.almargenweb.com.ar\/web\/wp-json\/wp\/v2\/tags?post=41392"}],"curies":[{"name":"wp","href":"https:\/\/api.w.org\/{rel}","templated":true}]}}