{"id":41346,"date":"2023-11-17T14:07:45","date_gmt":"2023-11-17T17:07:45","guid":{"rendered":"http:\/\/www.almargenweb.com.ar\/web\/?p=41346"},"modified":"2023-11-17T14:07:47","modified_gmt":"2023-11-17T17:07:47","slug":"monte-vera-la-perdida-total-de-verduras-podria-generar-aumentos-en-los-precios","status":"publish","type":"post","link":"https:\/\/www.almargenweb.com.ar\/web\/monte-vera-la-perdida-total-de-verduras-podria-generar-aumentos-en-los-precios\/","title":{"rendered":"Monte Vera: la p\u00e9rdida total de verduras podr\u00eda generar aumentos en los precios"},"content":{"rendered":"\n<p>Algunos productores van necesitar por lo menos 60 d\u00edas para volver a cultivar verduras. &#8220;Hay una p\u00e9rdida total en el sector donde cay\u00f3 granizo&#8221;, indicaron.<\/p>\n\n\n\n<p>Desde el sector hort\u00edcola, explicaron que son unas 1.500 hect\u00e1reas afectadas y 300 peque\u00f1os productores, mientras que un 60% de ellos alquila su tierra.<\/p>\n\n\n\n<p>La acelga, la achicoria, la r\u00facula, la remolacha, la cebolla de verdeo fueron las verduras de hoja afectadas por las intensas lluvias. <\/p>\n\n\n\n<p>Desde el mercado, indicaron sobre el precio elevado del tomate porque se cort\u00f3 la producci\u00f3n de Corrientes, Salta y queda solo La Plata con una peque\u00f1a producci\u00f3n y algo de Tucum\u00e1n, con poca cantidad para abastecer a todo el pais. <\/p>\n\n\n\n<p>Dentro de la zona afectado hay algunos lugares con t\u00f3mate, por lo que estiman, habr\u00e1 entre 10% o 20% de esa producci\u00f3n. <\/p>\n<!-- AddThis Advanced Settings generic via filter on the_content --><!-- AddThis Share Buttons generic via filter on the_content -->","protected":false},"excerpt":{"rendered":"<p>Algunos productores van necesitar por lo menos 60 d\u00edas para volver a cultivar verduras. &#8220;Hay una [&hellip;]<!-- AddThis Advanced Settings generic via filter on get_the_excerpt --><!-- AddThis Share Buttons generic via filter on get_the_excerpt --><\/p>\n","protected":false},"author":16,"featured_media":41349,"comment_status":"open","ping_status":"open","sticky":false,"template":"","format":"standard","meta":{"_seopress_robots_primary_cat":"none","_seopress_titles_title":"","_seopress_titles_desc":"","_seopress_robots_index":"","_themeisle_gutenberg_block_has_review":false,"footnotes":""},"categories":[2,164,20,29],"tags":[],"class_list":["post-41346","post","type-post","status-publish","format-standard","has-post-thumbnail","hentry","category-actualidad","category-ambiente","category-departamentales","category-regionales"],"_links":{"self":[{"href":"https:\/\/www.almargenweb.com.ar\/web\/wp-json\/wp\/v2\/posts\/41346","targetHints":{"allow":["GET"]}}],"collection":[{"href":"https:\/\/www.almargenweb.com.ar\/web\/wp-json\/wp\/v2\/posts"}],"about":[{"href":"https:\/\/www.almargenweb.com.ar\/web\/wp-json\/wp\/v2\/types\/post"}],"author":[{"embeddable":true,"href":"https:\/\/www.almargenweb.com.ar\/web\/wp-json\/wp\/v2\/users\/16"}],"replies":[{"embeddable":true,"href":"https:\/\/www.almargenweb.com.ar\/web\/wp-json\/wp\/v2\/comments?post=41346"}],"version-history":[{"count":1,"href":"https:\/\/www.almargenweb.com.ar\/web\/wp-json\/wp\/v2\/posts\/41346\/revisions"}],"predecessor-version":[{"id":41350,"href":"https:\/\/www.almargenweb.com.ar\/web\/wp-json\/wp\/v2\/posts\/41346\/revisions\/41350"}],"wp:featuredmedia":[{"embeddable":true,"href":"https:\/\/www.almargenweb.com.ar\/web\/wp-json\/wp\/v2\/media\/41349"}],"wp:attachment":[{"href":"https:\/\/www.almargenweb.com.ar\/web\/wp-json\/wp\/v2\/media?parent=41346"}],"wp:term":[{"taxonomy":"category","embeddable":true,"href":"https:\/\/www.almargenweb.com.ar\/web\/wp-json\/wp\/v2\/categories?post=41346"},{"taxonomy":"post_tag","embeddable":true,"href":"https:\/\/www.almargenweb.com.ar\/web\/wp-json\/wp\/v2\/tags?post=41346"}],"curies":[{"name":"wp","href":"https:\/\/api.w.org\/{rel}","templated":true}]}}