{"id":41341,"date":"2023-11-16T19:33:44","date_gmt":"2023-11-16T22:33:44","guid":{"rendered":"http:\/\/www.almargenweb.com.ar\/web\/?p=41341"},"modified":"2023-11-16T19:33:45","modified_gmt":"2023-11-16T22:33:45","slug":"escuela-granja-construiran-nuevas-residencias-estudiantiles","status":"publish","type":"post","link":"https:\/\/www.almargenweb.com.ar\/web\/escuela-granja-construiran-nuevas-residencias-estudiantiles\/","title":{"rendered":"Escuela Granja: construir\u00e1n nuevas residencias estudiantiles"},"content":{"rendered":"\n<p>Lo anunci\u00f3 el rector Enrique Mammarella tras firmar el convenio con el ministro de Educaci\u00f3n, Jaime Perczyk. Con financiamiento nacional, en las nuevas residencias de EAGG se invertir\u00e1n $1.722 millones. Tendr\u00e1n 4000 m2 y alojar\u00e1n a 200 estudiantes.<\/p>\n\n\n\n<p>Mammarella oficializ\u00f3 este proyecto en un encuentro que mantuvo este jueves 16 al mediod\u00eda en Esperanza con los decanos de las facultades de Ciencias Agrarias, Oscar Osan, y de Ciencias Veterinarias Sergio Parra.<\/p>\n\n\n\n<p>Junto con el director de EAGG, Rodrigo Ben\u00edtez; con el intendente electo, Rodrigo M\u00fcller; con la diputada Jimena Senn; con el diputado electo Jos\u00e9 Corral; con autoridades de IciVet e IciAgro (institutos UNL-CONICET) y de FCV y FCA; y con integrantes del futuro gabinete de la Municipalidad de Esperanza.<\/p>\n\n\n\n<p>&#8220;Se trata de un proyecto valioso y necesario que albergar\u00e1 a 154 estudiantes y demandar\u00e1 una inversi\u00f3n superior a los $ 1.722 millones que contar\u00e1 con el financiamiento del Gobierno nacional a partir de un convenio que rubricamos esta semana con el Ministro de Educaci\u00f3n, Jaime Perczyk, y el Secretario de Pol\u00edticas Universitarias, Oscar Alpa\u201d. <\/p>\n\n\n\n<p><\/p>\n<!-- AddThis Advanced Settings generic via filter on the_content --><!-- AddThis Share Buttons generic via filter on the_content -->","protected":false},"excerpt":{"rendered":"<p>Lo anunci\u00f3 el rector Enrique Mammarella tras firmar el convenio con el ministro de Educaci\u00f3n, Jaime [&hellip;]<!-- AddThis Advanced Settings generic via filter on get_the_excerpt --><!-- AddThis Share Buttons generic via filter on get_the_excerpt --><\/p>\n","protected":false},"author":16,"featured_media":41344,"comment_status":"open","ping_status":"open","sticky":false,"template":"","format":"standard","meta":{"_seopress_robots_primary_cat":"none","_seopress_titles_title":"","_seopress_titles_desc":"","_seopress_robots_index":"","_themeisle_gutenberg_block_has_review":false,"footnotes":""},"categories":[2,164,20,21],"tags":[],"class_list":["post-41341","post","type-post","status-publish","format-standard","has-post-thumbnail","hentry","category-actualidad","category-ambiente","category-departamentales","category-las-colonias"],"_links":{"self":[{"href":"https:\/\/www.almargenweb.com.ar\/web\/wp-json\/wp\/v2\/posts\/41341","targetHints":{"allow":["GET"]}}],"collection":[{"href":"https:\/\/www.almargenweb.com.ar\/web\/wp-json\/wp\/v2\/posts"}],"about":[{"href":"https:\/\/www.almargenweb.com.ar\/web\/wp-json\/wp\/v2\/types\/post"}],"author":[{"embeddable":true,"href":"https:\/\/www.almargenweb.com.ar\/web\/wp-json\/wp\/v2\/users\/16"}],"replies":[{"embeddable":true,"href":"https:\/\/www.almargenweb.com.ar\/web\/wp-json\/wp\/v2\/comments?post=41341"}],"version-history":[{"count":1,"href":"https:\/\/www.almargenweb.com.ar\/web\/wp-json\/wp\/v2\/posts\/41341\/revisions"}],"predecessor-version":[{"id":41345,"href":"https:\/\/www.almargenweb.com.ar\/web\/wp-json\/wp\/v2\/posts\/41341\/revisions\/41345"}],"wp:featuredmedia":[{"embeddable":true,"href":"https:\/\/www.almargenweb.com.ar\/web\/wp-json\/wp\/v2\/media\/41344"}],"wp:attachment":[{"href":"https:\/\/www.almargenweb.com.ar\/web\/wp-json\/wp\/v2\/media?parent=41341"}],"wp:term":[{"taxonomy":"category","embeddable":true,"href":"https:\/\/www.almargenweb.com.ar\/web\/wp-json\/wp\/v2\/categories?post=41341"},{"taxonomy":"post_tag","embeddable":true,"href":"https:\/\/www.almargenweb.com.ar\/web\/wp-json\/wp\/v2\/tags?post=41341"}],"curies":[{"name":"wp","href":"https:\/\/api.w.org\/{rel}","templated":true}]}}