{"id":41336,"date":"2023-11-15T16:27:43","date_gmt":"2023-11-15T19:27:43","guid":{"rendered":"http:\/\/www.almargenweb.com.ar\/web\/?p=41336"},"modified":"2023-11-15T16:27:44","modified_gmt":"2023-11-15T19:27:44","slug":"cayasta-se-formalizaron-los-nombres-de-quienes-estaran-al-frente-de-once-ministerios-provinciales","status":"publish","type":"post","link":"https:\/\/www.almargenweb.com.ar\/web\/cayasta-se-formalizaron-los-nombres-de-quienes-estaran-al-frente-de-once-ministerios-provinciales\/","title":{"rendered":"Cayast\u00e1: se formalizaron los nombres de quienes estar\u00e1n al frente de once ministerios provinciales"},"content":{"rendered":"\n<p>El gobernador electo encabez\u00f3 la primera reuni\u00f3n de trabajo, con quienes estar\u00e1n al frente de los 11 ministerios y las secretar\u00edas. Tambi\u00e9n asisti\u00f3 un representante por cada partido, que integra Unidos para Cambiar Santa Fe.<\/p>\n\n\n\n<p>A tres semanas del recambio de autoridades, el gobernador electo de Santa Fe, Maximiliano Pullaro, acompa\u00f1ado por la vicegobernadora electa, Gisela Scaglia, encabez\u00f3 este martes por la tarde en Cayast\u00e1 la primera reuni\u00f3n de trabajo de su futuro gabinete.<\/p>\n\n\n\n<p> \u201cConformamos un equipo plural pero con un objetivo com\u00fan: trabajar activamente, todos los d\u00edas, para atender las necesidades de toda la provincia y llevar adelante las transformaciones que hacen falta\u201d, remarc\u00f3.<br>En cuanto a la elecci\u00f3n del lugar, el mandatario explic\u00f3: \u201cElegimos este lugar porque es donde naci\u00f3 Santa Fe hace 450 a\u00f1os\u201d. <\/p>\n\n\n\n<p>Pullaro destac\u00f3 que \u201cfalta poco para asumir las responsabilidades que los santafesinos nos dieron, y nos preparamos para enfrentar los desaf\u00edos que vienen.<\/p>\n\n\n\n<p> Sabemos que son tiempos de dificultad, pero confiamos en gente que tiene experiencia, capacidad y car\u00e1cter para llevar adelante los proyectos que propusimos\u201d.<\/p>\n\n\n\n<p>Durante la reuni\u00f3n, a la que se sumaron tambi\u00e9n un representante por cada partido que integra Unidos para Cambiar Santa Fe, \u201cescuchamos la presentaci\u00f3n de cada una y cada uno de los integrantes del equipo que conformamos, para que todos estemos al tanto de la situaci\u00f3n en que nos encontramos y hacia d\u00f3nde queremos ir\u201d, se\u00f1al\u00f3 el gobernador electo.<\/p>\n<!-- AddThis Advanced Settings generic via filter on the_content --><!-- AddThis Share Buttons generic via filter on the_content -->","protected":false},"excerpt":{"rendered":"<p>El gobernador electo encabez\u00f3 la primera reuni\u00f3n de trabajo, con quienes estar\u00e1n al frente de los [&hellip;]<!-- AddThis Advanced Settings generic via filter on get_the_excerpt --><!-- AddThis Share Buttons generic via filter on get_the_excerpt --><\/p>\n","protected":false},"author":16,"featured_media":41339,"comment_status":"open","ping_status":"open","sticky":false,"template":"","format":"standard","meta":{"_seopress_robots_primary_cat":"none","_seopress_titles_title":"","_seopress_titles_desc":"","_seopress_robots_index":"","_themeisle_gutenberg_block_has_review":false,"footnotes":""},"categories":[2,164,9],"tags":[],"class_list":["post-41336","post","type-post","status-publish","format-standard","has-post-thumbnail","hentry","category-actualidad","category-ambiente","category-politica"],"_links":{"self":[{"href":"https:\/\/www.almargenweb.com.ar\/web\/wp-json\/wp\/v2\/posts\/41336","targetHints":{"allow":["GET"]}}],"collection":[{"href":"https:\/\/www.almargenweb.com.ar\/web\/wp-json\/wp\/v2\/posts"}],"about":[{"href":"https:\/\/www.almargenweb.com.ar\/web\/wp-json\/wp\/v2\/types\/post"}],"author":[{"embeddable":true,"href":"https:\/\/www.almargenweb.com.ar\/web\/wp-json\/wp\/v2\/users\/16"}],"replies":[{"embeddable":true,"href":"https:\/\/www.almargenweb.com.ar\/web\/wp-json\/wp\/v2\/comments?post=41336"}],"version-history":[{"count":1,"href":"https:\/\/www.almargenweb.com.ar\/web\/wp-json\/wp\/v2\/posts\/41336\/revisions"}],"predecessor-version":[{"id":41340,"href":"https:\/\/www.almargenweb.com.ar\/web\/wp-json\/wp\/v2\/posts\/41336\/revisions\/41340"}],"wp:featuredmedia":[{"embeddable":true,"href":"https:\/\/www.almargenweb.com.ar\/web\/wp-json\/wp\/v2\/media\/41339"}],"wp:attachment":[{"href":"https:\/\/www.almargenweb.com.ar\/web\/wp-json\/wp\/v2\/media?parent=41336"}],"wp:term":[{"taxonomy":"category","embeddable":true,"href":"https:\/\/www.almargenweb.com.ar\/web\/wp-json\/wp\/v2\/categories?post=41336"},{"taxonomy":"post_tag","embeddable":true,"href":"https:\/\/www.almargenweb.com.ar\/web\/wp-json\/wp\/v2\/tags?post=41336"}],"curies":[{"name":"wp","href":"https:\/\/api.w.org\/{rel}","templated":true}]}}