{"id":41331,"date":"2023-11-15T16:06:16","date_gmt":"2023-11-15T19:06:16","guid":{"rendered":"http:\/\/www.almargenweb.com.ar\/web\/?p=41331"},"modified":"2023-11-15T16:06:17","modified_gmt":"2023-11-15T19:06:17","slug":"esperanza-120mm-calles-anegadas-y-cortes-de-luz-en-varios-puntos-de-la-ciudad","status":"publish","type":"post","link":"https:\/\/www.almargenweb.com.ar\/web\/esperanza-120mm-calles-anegadas-y-cortes-de-luz-en-varios-puntos-de-la-ciudad\/","title":{"rendered":"Esperanza 120mm: calles anegadas y cortes de luz en varios puntos de la ciudad"},"content":{"rendered":"\n<p>Durante la madrugada y la ma\u00f1ana de este mi\u00e9rcoles, la ciudad de Esperanza fue golpeada por fuertes lluvias que dejaron un acumulado de aproximadamente 100 mm, seg\u00fan informes del Servicio Meteorol\u00f3gico Nacional (SMN). <\/p>\n\n\n\n<p>El impacto del temporal se refleja en el relevamiento municipal, que reporta la ca\u00edda de 13 \u00e1rboles y 7 postes de luminarias en distintas zonas de la ciudad.<\/p>\n\n\n\n<p>El SMN advierte que las lluvias podr\u00edan extenderse incluso hasta la ma\u00f1ana del jueves y la noche del viernes.<\/p>\n<!-- AddThis Advanced Settings generic via filter on the_content --><!-- AddThis Share Buttons generic via filter on the_content -->","protected":false},"excerpt":{"rendered":"<p>Durante la madrugada y la ma\u00f1ana de este mi\u00e9rcoles, la ciudad de Esperanza fue golpeada por [&hellip;]<!-- AddThis Advanced Settings generic via filter on get_the_excerpt --><!-- AddThis Share Buttons generic via filter on get_the_excerpt --><\/p>\n","protected":false},"author":16,"featured_media":41334,"comment_status":"open","ping_status":"open","sticky":false,"template":"","format":"standard","meta":{"_seopress_robots_primary_cat":"none","_seopress_titles_title":"","_seopress_titles_desc":"","_seopress_robots_index":"","_themeisle_gutenberg_block_has_review":false,"footnotes":""},"categories":[2,164,21,47],"tags":[],"class_list":["post-41331","post","type-post","status-publish","format-standard","has-post-thumbnail","hentry","category-actualidad","category-ambiente","category-las-colonias","category-locales"],"_links":{"self":[{"href":"https:\/\/www.almargenweb.com.ar\/web\/wp-json\/wp\/v2\/posts\/41331","targetHints":{"allow":["GET"]}}],"collection":[{"href":"https:\/\/www.almargenweb.com.ar\/web\/wp-json\/wp\/v2\/posts"}],"about":[{"href":"https:\/\/www.almargenweb.com.ar\/web\/wp-json\/wp\/v2\/types\/post"}],"author":[{"embeddable":true,"href":"https:\/\/www.almargenweb.com.ar\/web\/wp-json\/wp\/v2\/users\/16"}],"replies":[{"embeddable":true,"href":"https:\/\/www.almargenweb.com.ar\/web\/wp-json\/wp\/v2\/comments?post=41331"}],"version-history":[{"count":1,"href":"https:\/\/www.almargenweb.com.ar\/web\/wp-json\/wp\/v2\/posts\/41331\/revisions"}],"predecessor-version":[{"id":41335,"href":"https:\/\/www.almargenweb.com.ar\/web\/wp-json\/wp\/v2\/posts\/41331\/revisions\/41335"}],"wp:featuredmedia":[{"embeddable":true,"href":"https:\/\/www.almargenweb.com.ar\/web\/wp-json\/wp\/v2\/media\/41334"}],"wp:attachment":[{"href":"https:\/\/www.almargenweb.com.ar\/web\/wp-json\/wp\/v2\/media?parent=41331"}],"wp:term":[{"taxonomy":"category","embeddable":true,"href":"https:\/\/www.almargenweb.com.ar\/web\/wp-json\/wp\/v2\/categories?post=41331"},{"taxonomy":"post_tag","embeddable":true,"href":"https:\/\/www.almargenweb.com.ar\/web\/wp-json\/wp\/v2\/tags?post=41331"}],"curies":[{"name":"wp","href":"https:\/\/api.w.org\/{rel}","templated":true}]}}