{"id":41315,"date":"2023-11-14T12:26:58","date_gmt":"2023-11-14T15:26:58","guid":{"rendered":"http:\/\/www.almargenweb.com.ar\/web\/?p=41315"},"modified":"2023-11-14T12:26:59","modified_gmt":"2023-11-14T15:26:59","slug":"como-es-el-proyecto-que-rehabilitara-energeticamente-al-jardin-no-337-de-san-carlos-sud","status":"publish","type":"post","link":"https:\/\/www.almargenweb.com.ar\/web\/como-es-el-proyecto-que-rehabilitara-energeticamente-al-jardin-no-337-de-san-carlos-sud\/","title":{"rendered":"C\u00f3mo es el proyecto que rehabilitar\u00e1 energ\u00e9ticamente al Jard\u00edn N\u00ba 337 de San Carlos Sud"},"content":{"rendered":"\n<p>San Carlos Sud dio un paso m\u00e1s en su propuesta de convertirse en la primera localidad sustentable de la provincia.<\/p>\n\n\n\n<p>A trav\u00e9s de su alianza con la Red Argentina de Municipios para el Cambio Clim\u00e1tico (RAMCC) y en el marco del Proyecto Edificios Municipales Energ\u00e9ticamente Sustentables (EMES) &#8211; Euroclima+, se dio inicio a las obras de rehabilitaci\u00f3n energ\u00e9tica en uno de los edificios m\u00e1s simb\u00f3licos de la localidad: el Jard\u00edn de Infantes N\u00ba 337 \u201cVennera Vecchio\u201d.<\/p>\n\n\n\n<p>Sobre este tema la presidenta comunal Florencia Primo manifest\u00f3 que d\u00edas pasados recibieron a referentes de la Universidad Nacional de La Plata y autoridades de la RAMCC (Red Argentina de Municipios y Comunas frente al Cambio Clim\u00e1tico) y de la empresa SAVYC quienes ser\u00e1n los encargados de llevar a cabo las obra de rehabilitaci\u00f3n energ\u00e9tica.<\/p>\n\n\n\n<p>Primo agreg\u00f3 que el Ejecutivo local forma parte del proyecto Edificios Municipales Energ\u00e9ticamente Sustentables (EMES)-Euroclima+, permitiendo que se mejore la eficiencia energ\u00e9tica del Jard\u00edn N\u00b0 337.<\/p>\n\n\n\n<p>\u201cEsto se viene trabajando desde hace ya un tiempo. Referentes de la Universidad de La Plata llevaron a cabo un relevamiento de diferentes edificios p\u00fablicos de San Carlos Sud, entre ellos: la sede administrativa comunal, y el SAMCO \u2013 Centro de Salud \u201cSelma K\u00e4rst\u201d y el Jard\u00edn N\u00ba 337 (que en ese momento pertenec\u00eda a la comuna). El objetivo de ese relevamiento fue conocer la p\u00e9rdida de temperatura que ten\u00edan los edificios p\u00fablicos\u201d.<\/p>\n\n\n\n<p>Por otra parte Primo resalt\u00f3 la importancia de recibir autoridades acad\u00e9micas y de la Red Argentina de Municipios y Comunas frente al Cambio Clim\u00e1tico y de la empresa encargada de llevar a cabo los trabajos.<\/p>\n\n\n\n<p>\u201cPara nosotros es un orgullo seguir llevando adelante este tipo de acciones que mejoran la eficiencia energ\u00e9tica del edificio y suma un granito de arena m\u00e1s en la lucha contra el cambio clim\u00e1tico&#8221;.<\/p>\n<!-- AddThis Advanced Settings generic via filter on the_content --><!-- AddThis Share Buttons generic via filter on the_content -->","protected":false},"excerpt":{"rendered":"<p>San Carlos Sud dio un paso m\u00e1s en su propuesta de convertirse en la primera localidad [&hellip;]<!-- AddThis Advanced Settings generic via filter on get_the_excerpt --><!-- AddThis Share Buttons generic via filter on get_the_excerpt --><\/p>\n","protected":false},"author":16,"featured_media":41318,"comment_status":"open","ping_status":"open","sticky":false,"template":"","format":"standard","meta":{"_seopress_robots_primary_cat":"none","_seopress_titles_title":"","_seopress_titles_desc":"","_seopress_robots_index":"","_themeisle_gutenberg_block_has_review":false,"footnotes":""},"categories":[1],"tags":[],"class_list":["post-41315","post","type-post","status-publish","format-standard","has-post-thumbnail","hentry","category-sin-categoria"],"_links":{"self":[{"href":"https:\/\/www.almargenweb.com.ar\/web\/wp-json\/wp\/v2\/posts\/41315","targetHints":{"allow":["GET"]}}],"collection":[{"href":"https:\/\/www.almargenweb.com.ar\/web\/wp-json\/wp\/v2\/posts"}],"about":[{"href":"https:\/\/www.almargenweb.com.ar\/web\/wp-json\/wp\/v2\/types\/post"}],"author":[{"embeddable":true,"href":"https:\/\/www.almargenweb.com.ar\/web\/wp-json\/wp\/v2\/users\/16"}],"replies":[{"embeddable":true,"href":"https:\/\/www.almargenweb.com.ar\/web\/wp-json\/wp\/v2\/comments?post=41315"}],"version-history":[{"count":1,"href":"https:\/\/www.almargenweb.com.ar\/web\/wp-json\/wp\/v2\/posts\/41315\/revisions"}],"predecessor-version":[{"id":41319,"href":"https:\/\/www.almargenweb.com.ar\/web\/wp-json\/wp\/v2\/posts\/41315\/revisions\/41319"}],"wp:featuredmedia":[{"embeddable":true,"href":"https:\/\/www.almargenweb.com.ar\/web\/wp-json\/wp\/v2\/media\/41318"}],"wp:attachment":[{"href":"https:\/\/www.almargenweb.com.ar\/web\/wp-json\/wp\/v2\/media?parent=41315"}],"wp:term":[{"taxonomy":"category","embeddable":true,"href":"https:\/\/www.almargenweb.com.ar\/web\/wp-json\/wp\/v2\/categories?post=41315"},{"taxonomy":"post_tag","embeddable":true,"href":"https:\/\/www.almargenweb.com.ar\/web\/wp-json\/wp\/v2\/tags?post=41315"}],"curies":[{"name":"wp","href":"https:\/\/api.w.org\/{rel}","templated":true}]}}