{"id":41310,"date":"2023-11-14T12:09:53","date_gmt":"2023-11-14T15:09:53","guid":{"rendered":"http:\/\/www.almargenweb.com.ar\/web\/?p=41310"},"modified":"2023-11-14T12:09:54","modified_gmt":"2023-11-14T15:09:54","slug":"proximamente-arrancan-las-obras-en-el-nuevo-sum-aut-comuna-de-franck","status":"publish","type":"post","link":"https:\/\/www.almargenweb.com.ar\/web\/proximamente-arrancan-las-obras-en-el-nuevo-sum-aut-comuna-de-franck\/","title":{"rendered":"Pr\u00f3ximamente arrancan las obras en el nuevo SUM AUT-Comuna de Franck"},"content":{"rendered":"\n<p>Con la firma del contrato de comodato a finales del mes de agosto de este a\u00f1o, entre la comuna de Franck y la Asociaci\u00f3n Uni\u00f3n Tamberos (AUT), los vecinos y entidades de la localidad sumaron un espacio m\u00e1s para actividades institucionales pero tambi\u00e9n abierto a otros requerimientos comunitarios.<\/p>\n\n\n\n<p>Dami\u00e1n Franzen, vicepresidente comunal, dio detalles sobre los trabajos que se estar\u00e1n realizando en el edificio de calle Rivadavia.<\/p>\n\n\n\n<p>\u201cSe comenzar\u00e1 en las pr\u00f3ximas semanas a trabajar con la primera etapa de obras que incluye la fachada del nuevo SUM. Una vez finalizada esa parte se comenzar\u00e1 luego con el interior del inmueble, la construcci\u00f3n de ba\u00f1os, incorporaci\u00f3n de mobiliarios, pintura e impermeabilizaci\u00f3n del techo\u201d.<\/p>\n\n\n\n<p>Franzen a\u00f1adi\u00f3 que el contrato de comodato es a 10 a\u00f1os y ser\u00e1 utilizado como espacio de usos m\u00faltiples, para actividades institucionales pero tambi\u00e9n abierto a otros requerimientos comunitarios. \u201cAnteriormente AUT hab\u00eda cedido otro edificio (ubicado sobre Avenida San Mart\u00edn), donde actualmente funciona la Escuela de Arte y Oficios\u201d, aclar\u00f3.<\/p>\n<!-- AddThis Advanced Settings generic via filter on the_content --><!-- AddThis Share Buttons generic via filter on the_content -->","protected":false},"excerpt":{"rendered":"<p>Con la firma del contrato de comodato a finales del mes de agosto de este a\u00f1o, [&hellip;]<!-- AddThis Advanced Settings generic via filter on get_the_excerpt --><!-- AddThis Share Buttons generic via filter on get_the_excerpt --><\/p>\n","protected":false},"author":16,"featured_media":41313,"comment_status":"open","ping_status":"open","sticky":false,"template":"","format":"standard","meta":{"_seopress_robots_primary_cat":"none","_seopress_titles_title":"","_seopress_titles_desc":"","_seopress_robots_index":"","_themeisle_gutenberg_block_has_review":false,"footnotes":""},"categories":[2,164,20,29],"tags":[],"class_list":["post-41310","post","type-post","status-publish","format-standard","has-post-thumbnail","hentry","category-actualidad","category-ambiente","category-departamentales","category-regionales"],"_links":{"self":[{"href":"https:\/\/www.almargenweb.com.ar\/web\/wp-json\/wp\/v2\/posts\/41310","targetHints":{"allow":["GET"]}}],"collection":[{"href":"https:\/\/www.almargenweb.com.ar\/web\/wp-json\/wp\/v2\/posts"}],"about":[{"href":"https:\/\/www.almargenweb.com.ar\/web\/wp-json\/wp\/v2\/types\/post"}],"author":[{"embeddable":true,"href":"https:\/\/www.almargenweb.com.ar\/web\/wp-json\/wp\/v2\/users\/16"}],"replies":[{"embeddable":true,"href":"https:\/\/www.almargenweb.com.ar\/web\/wp-json\/wp\/v2\/comments?post=41310"}],"version-history":[{"count":1,"href":"https:\/\/www.almargenweb.com.ar\/web\/wp-json\/wp\/v2\/posts\/41310\/revisions"}],"predecessor-version":[{"id":41314,"href":"https:\/\/www.almargenweb.com.ar\/web\/wp-json\/wp\/v2\/posts\/41310\/revisions\/41314"}],"wp:featuredmedia":[{"embeddable":true,"href":"https:\/\/www.almargenweb.com.ar\/web\/wp-json\/wp\/v2\/media\/41313"}],"wp:attachment":[{"href":"https:\/\/www.almargenweb.com.ar\/web\/wp-json\/wp\/v2\/media?parent=41310"}],"wp:term":[{"taxonomy":"category","embeddable":true,"href":"https:\/\/www.almargenweb.com.ar\/web\/wp-json\/wp\/v2\/categories?post=41310"},{"taxonomy":"post_tag","embeddable":true,"href":"https:\/\/www.almargenweb.com.ar\/web\/wp-json\/wp\/v2\/tags?post=41310"}],"curies":[{"name":"wp","href":"https:\/\/api.w.org\/{rel}","templated":true}]}}