{"id":41305,"date":"2023-11-13T11:42:06","date_gmt":"2023-11-13T14:42:06","guid":{"rendered":"http:\/\/www.almargenweb.com.ar\/web\/?p=41305"},"modified":"2023-11-13T11:42:07","modified_gmt":"2023-11-13T14:42:07","slug":"helvecia-se-dio-vuelta-una-barcaza-con-animales-hay-dos-personas-heridas-y-una-desaparecida","status":"publish","type":"post","link":"https:\/\/www.almargenweb.com.ar\/web\/helvecia-se-dio-vuelta-una-barcaza-con-animales-hay-dos-personas-heridas-y-una-desaparecida\/","title":{"rendered":"Helvecia: Se dio vuelta una barcaza con animales, hay dos personas heridas y una desaparecida"},"content":{"rendered":"\n<p>Este domingo por la ma\u00f1ana, en Helvecia, una barcaza que transportaba ganado volc\u00f3 en el r\u00edo Paran\u00e1, dejando un saldo tr\u00e1gico. Dos personas fueron trasladadas de urgencia al hospital local, mientras que una tercera persona a\u00fan se encuentra desaparecida.<\/p>\n\n\n\n<p>El incidente ocurri\u00f3 durante el traslado de ganado debido a la crecida del r\u00edo Paran\u00e1, que ha mantenido en alerta a las autoridades de las localidades de Santa Fe. La comunidad se encuentra consternada por la p\u00e9rdida de un vecino muy querido, identificado como Ricardo Jacinto Bello, de 55 a\u00f1os.<\/p>\n\n\n\n<p>Ricardo era conocido en la zona por su participaci\u00f3n en jineteadas y su destreza como asador. Su partida deja un vac\u00edo en la comunidad, record\u00e1ndolo como una persona solidaria, de gran coraz\u00f3n y generosidad.<\/p>\n\n\n\n<p>Las autoridades locales, en especial en Helvecia, ubicada en el Departamento Garay, est\u00e1n tomando medidas preventivas ante la crecida de los r\u00edos. <\/p>\n\n\n\n<p>Se est\u00e1 preparando un anillo de defensa en las inmediaciones del club El Halc\u00f3n, y los productores y ganaderos est\u00e1n movilizando alrededor de 30,000 animales para evitar situaciones no deseadas.<\/p>\n\n\n\n<p><\/p>\n<!-- AddThis Advanced Settings generic via filter on the_content --><!-- AddThis Share Buttons generic via filter on the_content -->","protected":false},"excerpt":{"rendered":"<p>Este domingo por la ma\u00f1ana, en Helvecia, una barcaza que transportaba ganado volc\u00f3 en el r\u00edo [&hellip;]<!-- AddThis Advanced Settings generic via filter on get_the_excerpt --><!-- AddThis Share Buttons generic via filter on get_the_excerpt --><\/p>\n","protected":false},"author":16,"featured_media":41308,"comment_status":"open","ping_status":"open","sticky":false,"template":"","format":"standard","meta":{"_seopress_robots_primary_cat":"none","_seopress_titles_title":"","_seopress_titles_desc":"","_seopress_robots_index":"","_themeisle_gutenberg_block_has_review":false,"footnotes":""},"categories":[2,164],"tags":[],"class_list":["post-41305","post","type-post","status-publish","format-standard","has-post-thumbnail","hentry","category-actualidad","category-ambiente"],"_links":{"self":[{"href":"https:\/\/www.almargenweb.com.ar\/web\/wp-json\/wp\/v2\/posts\/41305","targetHints":{"allow":["GET"]}}],"collection":[{"href":"https:\/\/www.almargenweb.com.ar\/web\/wp-json\/wp\/v2\/posts"}],"about":[{"href":"https:\/\/www.almargenweb.com.ar\/web\/wp-json\/wp\/v2\/types\/post"}],"author":[{"embeddable":true,"href":"https:\/\/www.almargenweb.com.ar\/web\/wp-json\/wp\/v2\/users\/16"}],"replies":[{"embeddable":true,"href":"https:\/\/www.almargenweb.com.ar\/web\/wp-json\/wp\/v2\/comments?post=41305"}],"version-history":[{"count":1,"href":"https:\/\/www.almargenweb.com.ar\/web\/wp-json\/wp\/v2\/posts\/41305\/revisions"}],"predecessor-version":[{"id":41309,"href":"https:\/\/www.almargenweb.com.ar\/web\/wp-json\/wp\/v2\/posts\/41305\/revisions\/41309"}],"wp:featuredmedia":[{"embeddable":true,"href":"https:\/\/www.almargenweb.com.ar\/web\/wp-json\/wp\/v2\/media\/41308"}],"wp:attachment":[{"href":"https:\/\/www.almargenweb.com.ar\/web\/wp-json\/wp\/v2\/media?parent=41305"}],"wp:term":[{"taxonomy":"category","embeddable":true,"href":"https:\/\/www.almargenweb.com.ar\/web\/wp-json\/wp\/v2\/categories?post=41305"},{"taxonomy":"post_tag","embeddable":true,"href":"https:\/\/www.almargenweb.com.ar\/web\/wp-json\/wp\/v2\/tags?post=41305"}],"curies":[{"name":"wp","href":"https:\/\/api.w.org\/{rel}","templated":true}]}}