{"id":41300,"date":"2023-11-13T11:30:06","date_gmt":"2023-11-13T14:30:06","guid":{"rendered":"http:\/\/www.almargenweb.com.ar\/web\/?p=41300"},"modified":"2023-11-13T11:30:07","modified_gmt":"2023-11-13T14:30:07","slug":"se-estrello-un-avion-en-medio-de-una-exhibicion-aerea-en-villa-canas-y-hay-dos-muertos","status":"publish","type":"post","link":"https:\/\/www.almargenweb.com.ar\/web\/se-estrello-un-avion-en-medio-de-una-exhibicion-aerea-en-villa-canas-y-hay-dos-muertos\/","title":{"rendered":"Se estrell\u00f3 un avi\u00f3n en medio de una exhibici\u00f3n a\u00e9rea en Villa Ca\u00f1\u00e1s y hay dos muertos"},"content":{"rendered":"\n<p>Una tragedia a\u00e9rea se produjo este domingo a la tarde en la localidad santafesina de Villa Ca\u00f1\u00e1s, a unos 180 kil\u00f3metros de Rosario, donde se estrell\u00f3 un avi\u00f3n en el marco de una exhibici\u00f3n y murieron sus dos ocupantes.<\/p>\n\n\n\n<p>La aeronave, un reactor L29 Dolfin, era un modelo de entrenamiento de guerra que realizaba piruetas en el aire y por alg\u00fan motivo a\u00fan no determinado perdi\u00f3 el control y se fue a pique. <\/p>\n\n\n\n<p>Seg\u00fan confirm\u00f3 el medio La Capital, las v\u00edctimas fatales son el piloto y su acompa\u00f1ante: ambos perdieron la vida en el momento. <\/p>\n\n\n\n<p>Las im\u00e1genes del siniestro se viralizaron a trav\u00e9s de las filmaciones de los espectadores, que estaban presenciando el show de acrobacia en el Aeroclub local.<\/p>\n\n\n\n<p>Al momento de ir para abajo, sin embargo, cay\u00f3 en picada y se hizo a\u00f1icos contra el piso. \u201cAmigo se cay\u00f3. Se cay\u00f3, boludo\u201d, se escucha decir a una voz masculina.<\/p>\n\n\n\n<p><\/p>\n<!-- AddThis Advanced Settings generic via filter on the_content --><!-- AddThis Share Buttons generic via filter on the_content -->","protected":false},"excerpt":{"rendered":"<p>Una tragedia a\u00e9rea se produjo este domingo a la tarde en la localidad santafesina de Villa [&hellip;]<!-- AddThis Advanced Settings generic via filter on get_the_excerpt --><!-- AddThis Share Buttons generic via filter on get_the_excerpt --><\/p>\n","protected":false},"author":16,"featured_media":41303,"comment_status":"open","ping_status":"open","sticky":false,"template":"","format":"standard","meta":{"_seopress_robots_primary_cat":"none","_seopress_titles_title":"","_seopress_titles_desc":"","_seopress_robots_index":"","_themeisle_gutenberg_block_has_review":false,"footnotes":""},"categories":[2,164],"tags":[],"class_list":["post-41300","post","type-post","status-publish","format-standard","has-post-thumbnail","hentry","category-actualidad","category-ambiente"],"_links":{"self":[{"href":"https:\/\/www.almargenweb.com.ar\/web\/wp-json\/wp\/v2\/posts\/41300","targetHints":{"allow":["GET"]}}],"collection":[{"href":"https:\/\/www.almargenweb.com.ar\/web\/wp-json\/wp\/v2\/posts"}],"about":[{"href":"https:\/\/www.almargenweb.com.ar\/web\/wp-json\/wp\/v2\/types\/post"}],"author":[{"embeddable":true,"href":"https:\/\/www.almargenweb.com.ar\/web\/wp-json\/wp\/v2\/users\/16"}],"replies":[{"embeddable":true,"href":"https:\/\/www.almargenweb.com.ar\/web\/wp-json\/wp\/v2\/comments?post=41300"}],"version-history":[{"count":1,"href":"https:\/\/www.almargenweb.com.ar\/web\/wp-json\/wp\/v2\/posts\/41300\/revisions"}],"predecessor-version":[{"id":41304,"href":"https:\/\/www.almargenweb.com.ar\/web\/wp-json\/wp\/v2\/posts\/41300\/revisions\/41304"}],"wp:featuredmedia":[{"embeddable":true,"href":"https:\/\/www.almargenweb.com.ar\/web\/wp-json\/wp\/v2\/media\/41303"}],"wp:attachment":[{"href":"https:\/\/www.almargenweb.com.ar\/web\/wp-json\/wp\/v2\/media?parent=41300"}],"wp:term":[{"taxonomy":"category","embeddable":true,"href":"https:\/\/www.almargenweb.com.ar\/web\/wp-json\/wp\/v2\/categories?post=41300"},{"taxonomy":"post_tag","embeddable":true,"href":"https:\/\/www.almargenweb.com.ar\/web\/wp-json\/wp\/v2\/tags?post=41300"}],"curies":[{"name":"wp","href":"https:\/\/api.w.org\/{rel}","templated":true}]}}