{"id":41290,"date":"2023-11-12T11:08:33","date_gmt":"2023-11-12T14:08:33","guid":{"rendered":"http:\/\/www.almargenweb.com.ar\/web\/?p=41290"},"modified":"2023-11-12T11:08:34","modified_gmt":"2023-11-12T14:08:34","slug":"capital-de-la-cerveza-el-unico-cervezoducto-en-toda-latinoamerica-esta-en-santa-fe","status":"publish","type":"post","link":"https:\/\/www.almargenweb.com.ar\/web\/capital-de-la-cerveza-el-unico-cervezoducto-en-toda-latinoamerica-esta-en-santa-fe\/","title":{"rendered":"Capital de la cerveza: el \u00fanico &#8216;cervezoducto&#8217; en toda Latinoam\u00e9rica est\u00e1 en Santa Fe"},"content":{"rendered":"\n<p>El \u201ccervezoducto\u201d es una instalaci\u00f3n industrial que est\u00e1 colocada en las inmediaciones de la planta de Cerveza Santa Fe, que se inaugur\u00f3 en 1912 y a\u00fan se mantiene como una de las m\u00e1s productivas del pa\u00eds.<\/p>\n\n\n\n<p>Este famoso tubo es mucho m\u00e1s nuevo que la industria, ya que se coloc\u00f3 a mediados de 2010 cuando, a pocos metros de la f\u00e1brica, abri\u00f3 un patio cervecero del mismo nombre.<\/p>\n\n\n\n<p>Entonces, para evitar el traslado de la cerveza en barriles muy pesados y agregarle un tinte tur\u00edstico a este punto gastron\u00f3mico de la ciudad, se decidi\u00f3 instalar el \u201ccervezoducto\u201d que desde hace 13 a\u00f1os resalta con sus 400 metros de longitud.<\/p>\n\n\n\n<p>Cuando el barman del patio cervecero lo solicita, la cerveza de la f\u00e1brica se desplaza en cuesti\u00f3n de segundos por el \u201ccervezoducto\u201d, cruza la calle y se almacena en cuatro tanques del comercio (colocados en un recinto vidriado), donde se guarda hasta su consumo.<\/p>\n\n\n\n<p>Por lo tanto, el producto permanece a una temperatura exacta hasta que se traslada al pico de la barra y es colocado en un liso, listo para beber.<\/p>\n\n\n\n<p>Lo m\u00e1s impactante es que ning\u00fan pa\u00eds de Latinoam\u00e9rica tiene un \u201ccervezoducto\u201d como el de Santa Fe y por lo tanto, es un sistema muy llamativo.<\/p>\n<!-- AddThis Advanced Settings generic via filter on the_content --><!-- AddThis Share Buttons generic via filter on the_content -->","protected":false},"excerpt":{"rendered":"<p>El \u201ccervezoducto\u201d es una instalaci\u00f3n industrial que est\u00e1 colocada en las inmediaciones de la planta de [&hellip;]<!-- AddThis Advanced Settings generic via filter on get_the_excerpt --><!-- AddThis Share Buttons generic via filter on get_the_excerpt --><\/p>\n","protected":false},"author":16,"featured_media":41293,"comment_status":"open","ping_status":"open","sticky":false,"template":"","format":"standard","meta":{"_seopress_robots_primary_cat":"none","_seopress_titles_title":"","_seopress_titles_desc":"","_seopress_robots_index":"","_themeisle_gutenberg_block_has_review":false,"footnotes":""},"categories":[2],"tags":[],"class_list":["post-41290","post","type-post","status-publish","format-standard","has-post-thumbnail","hentry","category-actualidad"],"_links":{"self":[{"href":"https:\/\/www.almargenweb.com.ar\/web\/wp-json\/wp\/v2\/posts\/41290","targetHints":{"allow":["GET"]}}],"collection":[{"href":"https:\/\/www.almargenweb.com.ar\/web\/wp-json\/wp\/v2\/posts"}],"about":[{"href":"https:\/\/www.almargenweb.com.ar\/web\/wp-json\/wp\/v2\/types\/post"}],"author":[{"embeddable":true,"href":"https:\/\/www.almargenweb.com.ar\/web\/wp-json\/wp\/v2\/users\/16"}],"replies":[{"embeddable":true,"href":"https:\/\/www.almargenweb.com.ar\/web\/wp-json\/wp\/v2\/comments?post=41290"}],"version-history":[{"count":1,"href":"https:\/\/www.almargenweb.com.ar\/web\/wp-json\/wp\/v2\/posts\/41290\/revisions"}],"predecessor-version":[{"id":41294,"href":"https:\/\/www.almargenweb.com.ar\/web\/wp-json\/wp\/v2\/posts\/41290\/revisions\/41294"}],"wp:featuredmedia":[{"embeddable":true,"href":"https:\/\/www.almargenweb.com.ar\/web\/wp-json\/wp\/v2\/media\/41293"}],"wp:attachment":[{"href":"https:\/\/www.almargenweb.com.ar\/web\/wp-json\/wp\/v2\/media?parent=41290"}],"wp:term":[{"taxonomy":"category","embeddable":true,"href":"https:\/\/www.almargenweb.com.ar\/web\/wp-json\/wp\/v2\/categories?post=41290"},{"taxonomy":"post_tag","embeddable":true,"href":"https:\/\/www.almargenweb.com.ar\/web\/wp-json\/wp\/v2\/tags?post=41290"}],"curies":[{"name":"wp","href":"https:\/\/api.w.org\/{rel}","templated":true}]}}