{"id":41266,"date":"2023-11-10T15:14:59","date_gmt":"2023-11-10T18:14:59","guid":{"rendered":"http:\/\/www.almargenweb.com.ar\/web\/?p=41266"},"modified":"2023-11-10T15:15:00","modified_gmt":"2023-11-10T18:15:00","slug":"la-asuncion-como-gobernador-los-ministros-que-formaran-el-gabinete-de-pullaro","status":"publish","type":"post","link":"https:\/\/www.almargenweb.com.ar\/web\/la-asuncion-como-gobernador-los-ministros-que-formaran-el-gabinete-de-pullaro\/","title":{"rendered":"La asunci\u00f3n como gobernador: los ministros que formar\u00e1n el gabinete de Pullaro"},"content":{"rendered":"\n<p>A un mes del cambio de gesti\u00f3n de gobierno en la provincia de Santa Fe, Maximiliano Pullaro, el dirigente radical ya tiene definido su equipo de trabajo y principales colaboradores.<\/p>\n\n\n\n<p>A la lista de nombres que se ven\u00edan barajando y que no fueron desmentidos, se sumar\u00e1n los de Victoria Tejeda en Desarrollo Social y Silvia Ciancio en Salud, ambas dirigentes de la UCR. <\/p>\n\n\n\n<p>En tanto, la cartera de Medio Ambiente y Cambio Clim\u00e1tico ser\u00e1 para el socialista Enrique Est\u00e9vez y la de Cultura para la tambi\u00e9n socialista Susana Rueda.<\/p>\n\n\n\n<p>La decisi\u00f3n del gobernador electo es tener un gabinete con once carteras m\u00e1s el fiscal de Estado para lo cual se pedir\u00e1 acuerdo legislativo para el abogado local Domingo Rondina. Pero adem\u00e1s, habr\u00e1 tres secretar\u00edas de dependencia directa de Pullaro.<\/p>\n\n\n\n<p>De esta manera, asi queda compuesto el gabinete provincial:<\/p>\n\n\n\n<ul class=\"wp-block-list\">\n<li><strong>Ministerio de Gobierno:<\/strong>&nbsp;estar\u00e1 a cargo de Felipe Michlig quien absorber\u00e1 gran parte de las \u00e1reas actuales de Gobierno y Gesti\u00f3n P\u00fablica.<\/li>\n<\/ul>\n\n\n\n<ul class=\"wp-block-list\">\n<li><strong>Ministerio de Econom\u00eda:<\/strong>&nbsp;Pablo Olivares quien avanza en la integraci\u00f3n del equipo que contendr\u00e1 a radicales, socialistas y dirigentes del Pro.<\/li>\n<\/ul>\n\n\n\n<ul class=\"wp-block-list\">\n<li><strong>Obras P\u00fablicas:<\/strong>&nbsp;ser\u00e1 titular el senador Lisandro Enrico y acord\u00f3 que Pablo Seghezzo se har\u00e1 cargo de la Direcci\u00f3n Provincial de Vialidad.<\/li>\n<\/ul>\n\n\n\n<ul class=\"wp-block-list\">\n<li><strong>Salud:&nbsp;<\/strong>La diputada radical y presidenta de la comisi\u00f3n de Salud de la C\u00e1mara Silvia Ciancio trabaja en el armado del equipo en estrecha compa\u00f1\u00eda de la socialista Andrea Uboldi que formar\u00e1 parte de la cartera. &#8220;Silvia y Andrea vienen trabajando juntas hace varios meses, tiene muy buena relaci\u00f3n y estar\u00e1n en Salud&#8221;, se a\u00f1adi\u00f3.<\/li>\n<\/ul>\n\n\n\n<ul class=\"wp-block-list\">\n<li><strong>Educaci\u00f3n:&nbsp;<\/strong>Jos\u00e9 Goity, ex decano de Filosof\u00eda de la Universidad Nacional de Rosario ser\u00e1 el titular acompa\u00f1ado por la santafesina Carolina Piedrabuena.<\/li>\n<\/ul>\n\n\n\n<ul class=\"wp-block-list\">\n<li><strong>Producci\u00f3n:&nbsp;<\/strong>Gustavo Puccini, dirigente de estrecha confianza de Pullaro, trabaja en el armado de la cartera que contendr\u00e1 todo lo vinculado al \u00e1rea, esto es caminos rurales, empresas de servicios p\u00fablicos y el \u00e1rea de Ciencia y Tecnolog\u00eda.<\/li>\n<\/ul>\n\n\n\n<ul class=\"wp-block-list\">\n<li><strong>Seguridad y Justicia:&nbsp;<\/strong>Pablo Coccoccioni ser\u00e1 el titular de la cartera y lo acompa\u00f1ar\u00e1 Virginia Coudannes como viceministra; Omar Pereryra ser\u00e1 secretario de Seguridad mientras que Santiago Mascheroni ser\u00e1 secretario de Justicia y Mar\u00eda Florencia Blotta como subsecretaria del Consejo de la Magistratura.<\/li>\n<\/ul>\n\n\n\n<ul class=\"wp-block-list\">\n<li><strong>Medio Ambiente y Cambio Clim\u00e1tico<\/strong>: Enrique Est\u00e9vez quien terminar\u00e1 su mandato de diputado el 10 de diciembre ocupar\u00e1 la cartera.<\/li>\n<\/ul>\n\n\n\n<ul class=\"wp-block-list\">\n<li><strong>Trabajo, Empleo y Seguridad Social:<\/strong>&nbsp;Roald B\u00e1scolo, dirigente del Pro de la ciudad de Reconquista ser\u00e1 el encargado de la cartera.<\/li>\n<\/ul>\n\n\n\n<ul class=\"wp-block-list\">\n<li><strong>Desarrollo Social:&nbsp;<\/strong>Victoria Tejeda, hoy diputada nacional con mandato hasta 2025. Oriunda de Coronda quien milita desde hace a\u00f1os con Pullaro y con fuerte trabajo en \u00e1reas sociales durante su trayectoria pol\u00edtica.<\/li>\n<\/ul>\n\n\n\n<ul class=\"wp-block-list\">\n<li><strong>Cultura:<\/strong>&nbsp;Susana Rueda, hoy concejal de Rosario quien fuera periodista y conductora de radio y televisi\u00f3n.<\/li>\n<\/ul>\n\n\n\n<ul class=\"wp-block-list\">\n<li><strong>Fiscal de Estado:<\/strong>&nbsp;Domingo Rondina. El cargo requiere aval de la Asamblea Legislativa.<\/li>\n<\/ul>\n<!-- AddThis Advanced Settings generic via filter on the_content --><!-- AddThis Share Buttons generic via filter on the_content -->","protected":false},"excerpt":{"rendered":"<p>A un mes del cambio de gesti\u00f3n de gobierno en la provincia de Santa Fe, Maximiliano [&hellip;]<!-- AddThis Advanced Settings generic via filter on get_the_excerpt --><!-- AddThis Share Buttons generic via filter on get_the_excerpt --><\/p>\n","protected":false},"author":16,"featured_media":41269,"comment_status":"open","ping_status":"open","sticky":false,"template":"","format":"standard","meta":{"_seopress_robots_primary_cat":"none","_seopress_titles_title":"","_seopress_titles_desc":"","_seopress_robots_index":"","_themeisle_gutenberg_block_has_review":false,"footnotes":""},"categories":[1],"tags":[],"class_list":["post-41266","post","type-post","status-publish","format-standard","has-post-thumbnail","hentry","category-sin-categoria"],"_links":{"self":[{"href":"https:\/\/www.almargenweb.com.ar\/web\/wp-json\/wp\/v2\/posts\/41266","targetHints":{"allow":["GET"]}}],"collection":[{"href":"https:\/\/www.almargenweb.com.ar\/web\/wp-json\/wp\/v2\/posts"}],"about":[{"href":"https:\/\/www.almargenweb.com.ar\/web\/wp-json\/wp\/v2\/types\/post"}],"author":[{"embeddable":true,"href":"https:\/\/www.almargenweb.com.ar\/web\/wp-json\/wp\/v2\/users\/16"}],"replies":[{"embeddable":true,"href":"https:\/\/www.almargenweb.com.ar\/web\/wp-json\/wp\/v2\/comments?post=41266"}],"version-history":[{"count":1,"href":"https:\/\/www.almargenweb.com.ar\/web\/wp-json\/wp\/v2\/posts\/41266\/revisions"}],"predecessor-version":[{"id":41270,"href":"https:\/\/www.almargenweb.com.ar\/web\/wp-json\/wp\/v2\/posts\/41266\/revisions\/41270"}],"wp:featuredmedia":[{"embeddable":true,"href":"https:\/\/www.almargenweb.com.ar\/web\/wp-json\/wp\/v2\/media\/41269"}],"wp:attachment":[{"href":"https:\/\/www.almargenweb.com.ar\/web\/wp-json\/wp\/v2\/media?parent=41266"}],"wp:term":[{"taxonomy":"category","embeddable":true,"href":"https:\/\/www.almargenweb.com.ar\/web\/wp-json\/wp\/v2\/categories?post=41266"},{"taxonomy":"post_tag","embeddable":true,"href":"https:\/\/www.almargenweb.com.ar\/web\/wp-json\/wp\/v2\/tags?post=41266"}],"curies":[{"name":"wp","href":"https:\/\/api.w.org\/{rel}","templated":true}]}}