{"id":41261,"date":"2023-11-09T11:24:59","date_gmt":"2023-11-09T14:24:59","guid":{"rendered":"http:\/\/www.almargenweb.com.ar\/web\/?p=41261"},"modified":"2023-11-09T11:25:01","modified_gmt":"2023-11-09T14:25:01","slug":"ciencias-agrarias-invita-al-acto-de-jura-de-los-38-nuevos-ingenieros-agronomos","status":"publish","type":"post","link":"https:\/\/www.almargenweb.com.ar\/web\/ciencias-agrarias-invita-al-acto-de-jura-de-los-38-nuevos-ingenieros-agronomos\/","title":{"rendered":"Ciencias Agrarias invita al Acto de Jura de los 38 nuevos ingenieros agr\u00f3nomos"},"content":{"rendered":"\n<p>En la oportunidad recibir\u00e1n sus diplomas los egresados de Ingenier\u00eda Agron\u00f3mica y los flamantes egresados de la Maestr\u00eda en Cultivos Intensivos. <\/p>\n\n\n\n<p>Tambi\u00e9n los egresados de la Especializaci\u00f3n en Producci\u00f3n Lechera y de la Especializaci\u00f3n en Cultivos Intensivos, y de las Tecnicaturas en Gesti\u00f3n y Producci\u00f3n Ap\u00edcola, en Administraci\u00f3n de Empresas Agropecuarias y Universitaria en Poscosecha de granos y semillas.<\/p>\n\n\n\n<p>Asimismo, ser\u00e1n homenajeados los egresados que cumplen el 25\u00ba aniversario y a quienes conmemoran sus 50 a\u00f1os de egreso.<\/p>\n\n\n\n<p>El programa prev\u00e9 la entonaci\u00f3n del Himno Nacional Argentino, la Toma de Juramento de los egresados y la entrega de diplomas. Luego, tanto la FCA como el Colegio de Ingenieros Agr\u00f3nomos de Santa Fe 1\u00ba Circunscripci\u00f3n y Sancor Seguros otorgar\u00e1n medallas, tras lo cual se expresar\u00e1 un egresado de la promoci\u00f3n. <\/p>\n\n\n\n<p>A continuaci\u00f3n, pronunciar\u00e1 su discurso el Decano de la Facultad, MSc. Oscar Osan, y con posterioridad lo har\u00e1 el Rector de la Universidad Nacional del Litoral, Dr. Enrique Mammarella. Como cierre de la ceremonia, se entonar\u00e1 el Himno de la Universidad Nacional del Litoral.<\/p>\n<!-- AddThis Advanced Settings generic via filter on the_content --><!-- AddThis Share Buttons generic via filter on the_content -->","protected":false},"excerpt":{"rendered":"<p>En la oportunidad recibir\u00e1n sus diplomas los egresados de Ingenier\u00eda Agron\u00f3mica y los flamantes egresados de [&hellip;]<!-- AddThis Advanced Settings generic via filter on get_the_excerpt --><!-- AddThis Share Buttons generic via filter on get_the_excerpt --><\/p>\n","protected":false},"author":16,"featured_media":41264,"comment_status":"open","ping_status":"open","sticky":false,"template":"","format":"standard","meta":{"_seopress_robots_primary_cat":"none","_seopress_titles_title":"","_seopress_titles_desc":"","_seopress_robots_index":"","_themeisle_gutenberg_block_has_review":false,"footnotes":""},"categories":[2,164,19,29],"tags":[],"class_list":["post-41261","post","type-post","status-publish","format-standard","has-post-thumbnail","hentry","category-actualidad","category-ambiente","category-educacion","category-regionales"],"_links":{"self":[{"href":"https:\/\/www.almargenweb.com.ar\/web\/wp-json\/wp\/v2\/posts\/41261","targetHints":{"allow":["GET"]}}],"collection":[{"href":"https:\/\/www.almargenweb.com.ar\/web\/wp-json\/wp\/v2\/posts"}],"about":[{"href":"https:\/\/www.almargenweb.com.ar\/web\/wp-json\/wp\/v2\/types\/post"}],"author":[{"embeddable":true,"href":"https:\/\/www.almargenweb.com.ar\/web\/wp-json\/wp\/v2\/users\/16"}],"replies":[{"embeddable":true,"href":"https:\/\/www.almargenweb.com.ar\/web\/wp-json\/wp\/v2\/comments?post=41261"}],"version-history":[{"count":1,"href":"https:\/\/www.almargenweb.com.ar\/web\/wp-json\/wp\/v2\/posts\/41261\/revisions"}],"predecessor-version":[{"id":41265,"href":"https:\/\/www.almargenweb.com.ar\/web\/wp-json\/wp\/v2\/posts\/41261\/revisions\/41265"}],"wp:featuredmedia":[{"embeddable":true,"href":"https:\/\/www.almargenweb.com.ar\/web\/wp-json\/wp\/v2\/media\/41264"}],"wp:attachment":[{"href":"https:\/\/www.almargenweb.com.ar\/web\/wp-json\/wp\/v2\/media?parent=41261"}],"wp:term":[{"taxonomy":"category","embeddable":true,"href":"https:\/\/www.almargenweb.com.ar\/web\/wp-json\/wp\/v2\/categories?post=41261"},{"taxonomy":"post_tag","embeddable":true,"href":"https:\/\/www.almargenweb.com.ar\/web\/wp-json\/wp\/v2\/tags?post=41261"}],"curies":[{"name":"wp","href":"https:\/\/api.w.org\/{rel}","templated":true}]}}