{"id":41245,"date":"2023-11-08T15:39:57","date_gmt":"2023-11-08T18:39:57","guid":{"rendered":"http:\/\/www.almargenweb.com.ar\/web\/?p=41245"},"modified":"2023-11-08T15:39:58","modified_gmt":"2023-11-08T18:39:58","slug":"vaticano-aprobaron-la-beatificacion-del-cardenal-argentino-eduardo-pironio","status":"publish","type":"post","link":"https:\/\/www.almargenweb.com.ar\/web\/vaticano-aprobaron-la-beatificacion-del-cardenal-argentino-eduardo-pironio\/","title":{"rendered":"Vaticano: aprobaron la beatificaci\u00f3n del cardenal argentino Eduardo Pironio"},"content":{"rendered":"\n<p>El papa Francisco autoriz\u00f3 este mi\u00e9rcoles la beatificaci\u00f3n del cardenal argentino Eduardo Pironio, creador de las Jornadas Mundiales de la Juventud, luego de que el Vaticano reconociera un milagro atribuido en 2006 al purpurado nacido en 1920 en la localidad bonaerense de 9 de Julio y fallecido en Roma en 1998.<\/p>\n\n\n\n<p>Seg\u00fan informaron a T\u00e9lam fuentes del Vaticano, la ceremonia de beatificaci\u00f3n se har\u00e1 en Luj\u00e1n antes de fin de a\u00f1o y por parte de la Santa Sede participar\u00e1 el cardenal espa\u00f1ol Fernando V\u00e9rgez \u00c1lzaga, titular de la Gobernaci\u00f3n del Vaticano y secretario de Pironio durante 23 a\u00f1os.<\/p>\n\n\n\n<p>La noticia de la beatificaci\u00f3n se dio este mi\u00e9rcoles cuando el Papa autoriz\u00f3 al prefecto del Dicasterio para las Causas de los Santos, el italiano Marcello Semeraro, a publicar el decreto con el que la Santa Sede reconoce la intercesi\u00f3n de Pironio en la curaci\u00f3n sin explicaci\u00f3n cient\u00edfica de Juan Manuel Franco, un beb\u00e9 que en 2006 ten\u00eda 15 meses cuando sali\u00f3 de un cuadro de coma profundo luego de que sus padres rezaran a la figura del futuro beato.<\/p>\n<!-- AddThis Advanced Settings generic via filter on the_content --><!-- AddThis Share Buttons generic via filter on the_content -->","protected":false},"excerpt":{"rendered":"<p>El papa Francisco autoriz\u00f3 este mi\u00e9rcoles la beatificaci\u00f3n del cardenal argentino Eduardo Pironio, creador de las [&hellip;]<!-- AddThis Advanced Settings generic via filter on get_the_excerpt --><!-- AddThis Share Buttons generic via filter on get_the_excerpt --><\/p>\n","protected":false},"author":16,"featured_media":41248,"comment_status":"open","ping_status":"open","sticky":false,"template":"","format":"standard","meta":{"_seopress_robots_primary_cat":"none","_seopress_titles_title":"","_seopress_titles_desc":"","_seopress_robots_index":"","_themeisle_gutenberg_block_has_review":false,"footnotes":""},"categories":[1],"tags":[],"class_list":["post-41245","post","type-post","status-publish","format-standard","has-post-thumbnail","hentry","category-sin-categoria"],"_links":{"self":[{"href":"https:\/\/www.almargenweb.com.ar\/web\/wp-json\/wp\/v2\/posts\/41245","targetHints":{"allow":["GET"]}}],"collection":[{"href":"https:\/\/www.almargenweb.com.ar\/web\/wp-json\/wp\/v2\/posts"}],"about":[{"href":"https:\/\/www.almargenweb.com.ar\/web\/wp-json\/wp\/v2\/types\/post"}],"author":[{"embeddable":true,"href":"https:\/\/www.almargenweb.com.ar\/web\/wp-json\/wp\/v2\/users\/16"}],"replies":[{"embeddable":true,"href":"https:\/\/www.almargenweb.com.ar\/web\/wp-json\/wp\/v2\/comments?post=41245"}],"version-history":[{"count":1,"href":"https:\/\/www.almargenweb.com.ar\/web\/wp-json\/wp\/v2\/posts\/41245\/revisions"}],"predecessor-version":[{"id":41249,"href":"https:\/\/www.almargenweb.com.ar\/web\/wp-json\/wp\/v2\/posts\/41245\/revisions\/41249"}],"wp:featuredmedia":[{"embeddable":true,"href":"https:\/\/www.almargenweb.com.ar\/web\/wp-json\/wp\/v2\/media\/41248"}],"wp:attachment":[{"href":"https:\/\/www.almargenweb.com.ar\/web\/wp-json\/wp\/v2\/media?parent=41245"}],"wp:term":[{"taxonomy":"category","embeddable":true,"href":"https:\/\/www.almargenweb.com.ar\/web\/wp-json\/wp\/v2\/categories?post=41245"},{"taxonomy":"post_tag","embeddable":true,"href":"https:\/\/www.almargenweb.com.ar\/web\/wp-json\/wp\/v2\/tags?post=41245"}],"curies":[{"name":"wp","href":"https:\/\/api.w.org\/{rel}","templated":true}]}}