{"id":41240,"date":"2023-11-08T15:03:52","date_gmt":"2023-11-08T18:03:52","guid":{"rendered":"http:\/\/www.almargenweb.com.ar\/web\/?p=41240"},"modified":"2023-11-08T15:03:53","modified_gmt":"2023-11-08T18:03:53","slug":"ciclo-lectivo-2024-anuncian-que-habra-al-menos-190-dias-de-clase-efectivos","status":"publish","type":"post","link":"https:\/\/www.almargenweb.com.ar\/web\/ciclo-lectivo-2024-anuncian-que-habra-al-menos-190-dias-de-clase-efectivos\/","title":{"rendered":"Ciclo lectivo 2024: anuncian que habr\u00e1, al menos, 190 d\u00edas de clase efectivos"},"content":{"rendered":"\n<p>La resoluci\u00f3n vino desde el Ministerio de Educacion, que aprob\u00f3 la resoluci\u00f3n que fija el calendario escolar para el ciclo lectivo 2024 con al menos 190 d\u00edas de clase efectivos en las 24 jurisdicciones educativas, se inform\u00f3 oficialmente.<\/p>\n\n\n\n<p>Esta resoluci\u00f3n encomienda tambi\u00e9n a la Secretar\u00eda de Evaluaci\u00f3n e Informaci\u00f3n Educativa la elaboraci\u00f3n de un dispositivo tecnol\u00f3gico de informaci\u00f3n digital que permita la identificaci\u00f3n y el registro de los d\u00edas de clase cumplidos y no cumplidos, seg\u00fan los datos que notifiquen las jurisdicciones.<\/p>\n\n\n\n<p>De esta forma, la cartera de Educaci\u00f3n indic\u00f3 que se deber\u00e1 registrar y realizar un seguimiento de los motivos por los que pueda producirse la p\u00e9rdida de d\u00edas de clase y de las medidas adoptadas por sus autoridades para garantizar su cumplimiento. <\/p>\n\n\n\n<p>Entre estas medidas se incluye el control de asistencia y salud laboral junto con el financiamiento y el fortalecimiento de la infraestructura escolar.<\/p>\n<!-- AddThis Advanced Settings generic via filter on the_content --><!-- AddThis Share Buttons generic via filter on the_content -->","protected":false},"excerpt":{"rendered":"<p>La resoluci\u00f3n vino desde el Ministerio de Educacion, que aprob\u00f3 la resoluci\u00f3n que fija el calendario [&hellip;]<!-- AddThis Advanced Settings generic via filter on get_the_excerpt --><!-- AddThis Share Buttons generic via filter on get_the_excerpt --><\/p>\n","protected":false},"author":16,"featured_media":41243,"comment_status":"open","ping_status":"open","sticky":false,"template":"","format":"standard","meta":{"_seopress_robots_primary_cat":"none","_seopress_titles_title":"","_seopress_titles_desc":"","_seopress_robots_index":"","_themeisle_gutenberg_block_has_review":false,"footnotes":""},"categories":[2,164,19],"tags":[],"class_list":["post-41240","post","type-post","status-publish","format-standard","has-post-thumbnail","hentry","category-actualidad","category-ambiente","category-educacion"],"_links":{"self":[{"href":"https:\/\/www.almargenweb.com.ar\/web\/wp-json\/wp\/v2\/posts\/41240","targetHints":{"allow":["GET"]}}],"collection":[{"href":"https:\/\/www.almargenweb.com.ar\/web\/wp-json\/wp\/v2\/posts"}],"about":[{"href":"https:\/\/www.almargenweb.com.ar\/web\/wp-json\/wp\/v2\/types\/post"}],"author":[{"embeddable":true,"href":"https:\/\/www.almargenweb.com.ar\/web\/wp-json\/wp\/v2\/users\/16"}],"replies":[{"embeddable":true,"href":"https:\/\/www.almargenweb.com.ar\/web\/wp-json\/wp\/v2\/comments?post=41240"}],"version-history":[{"count":1,"href":"https:\/\/www.almargenweb.com.ar\/web\/wp-json\/wp\/v2\/posts\/41240\/revisions"}],"predecessor-version":[{"id":41244,"href":"https:\/\/www.almargenweb.com.ar\/web\/wp-json\/wp\/v2\/posts\/41240\/revisions\/41244"}],"wp:featuredmedia":[{"embeddable":true,"href":"https:\/\/www.almargenweb.com.ar\/web\/wp-json\/wp\/v2\/media\/41243"}],"wp:attachment":[{"href":"https:\/\/www.almargenweb.com.ar\/web\/wp-json\/wp\/v2\/media?parent=41240"}],"wp:term":[{"taxonomy":"category","embeddable":true,"href":"https:\/\/www.almargenweb.com.ar\/web\/wp-json\/wp\/v2\/categories?post=41240"},{"taxonomy":"post_tag","embeddable":true,"href":"https:\/\/www.almargenweb.com.ar\/web\/wp-json\/wp\/v2\/tags?post=41240"}],"curies":[{"name":"wp","href":"https:\/\/api.w.org\/{rel}","templated":true}]}}