{"id":41187,"date":"2023-11-01T16:21:16","date_gmt":"2023-11-01T19:21:16","guid":{"rendered":"http:\/\/www.almargenweb.com.ar\/web\/?p=41187"},"modified":"2023-11-01T16:21:17","modified_gmt":"2023-11-01T19:21:17","slug":"rafaela-en-medio-de-una-importante-tormento-hubo-caida-de-granizo","status":"publish","type":"post","link":"https:\/\/www.almargenweb.com.ar\/web\/rafaela-en-medio-de-una-importante-tormento-hubo-caida-de-granizo\/","title":{"rendered":"Rafaela: en medio de una importante tormento, hubo caida de granizo"},"content":{"rendered":"\n<p>Se cumplieron los pron\u00f3sticos previstos por el Servicio Meteorol\u00f3gico Nacional y se desat\u00f3 una fuerte tormenta en el oeste santafesino.<\/p>\n\n\n\n<p>Puntualmente, en la ciudad de Rafaela adem\u00e1s de viento y lluvia, cay\u00f3 granizo en la margen oeste de la cabecera del departamento Castellanos.<\/p>\n\n\n\n<p>Como suele ocurrir, usuarios de redes sociales compartieron im\u00e1genes de las piedras, que en esta oportunidad no fueron de gran tama\u00f1o pero s\u00ed cayeron en cantidad.<\/p>\n\n\n\n<p>A las 6, el SMN emiti\u00f3 un alerta por tormenta para cuatro departamentos de la provincia de Santa Fe: Belgrano, Castellanos, Las Colonias y San Mart\u00edn.<\/p>\n\n\n\n<p>&#8220;El \u00e1rea ser\u00e1 afectada por tormentas de variada intensidad, algunas localmente fuertes. Se espera que las mismas est\u00e9n acompa\u00f1adas por r\u00e1fagas, actividad el\u00e9ctrica, ocasional ca\u00edda de granizo y principalmente abundante ca\u00edda de agua en cortos per\u00edodos&#8221;, indicaron desde el organismo.<\/p>\n<!-- AddThis Advanced Settings generic via filter on the_content --><!-- AddThis Share Buttons generic via filter on the_content -->","protected":false},"excerpt":{"rendered":"<p>Se cumplieron los pron\u00f3sticos previstos por el Servicio Meteorol\u00f3gico Nacional y se desat\u00f3 una fuerte tormenta [&hellip;]<!-- AddThis Advanced Settings generic via filter on get_the_excerpt --><!-- AddThis Share Buttons generic via filter on get_the_excerpt --><\/p>\n","protected":false},"author":16,"featured_media":41190,"comment_status":"open","ping_status":"open","sticky":false,"template":"","format":"standard","meta":{"_seopress_robots_primary_cat":"none","_seopress_titles_title":"","_seopress_titles_desc":"","_seopress_robots_index":"","_themeisle_gutenberg_block_has_review":false,"footnotes":""},"categories":[2,164,20],"tags":[],"class_list":["post-41187","post","type-post","status-publish","format-standard","has-post-thumbnail","hentry","category-actualidad","category-ambiente","category-departamentales"],"_links":{"self":[{"href":"https:\/\/www.almargenweb.com.ar\/web\/wp-json\/wp\/v2\/posts\/41187","targetHints":{"allow":["GET"]}}],"collection":[{"href":"https:\/\/www.almargenweb.com.ar\/web\/wp-json\/wp\/v2\/posts"}],"about":[{"href":"https:\/\/www.almargenweb.com.ar\/web\/wp-json\/wp\/v2\/types\/post"}],"author":[{"embeddable":true,"href":"https:\/\/www.almargenweb.com.ar\/web\/wp-json\/wp\/v2\/users\/16"}],"replies":[{"embeddable":true,"href":"https:\/\/www.almargenweb.com.ar\/web\/wp-json\/wp\/v2\/comments?post=41187"}],"version-history":[{"count":1,"href":"https:\/\/www.almargenweb.com.ar\/web\/wp-json\/wp\/v2\/posts\/41187\/revisions"}],"predecessor-version":[{"id":41191,"href":"https:\/\/www.almargenweb.com.ar\/web\/wp-json\/wp\/v2\/posts\/41187\/revisions\/41191"}],"wp:featuredmedia":[{"embeddable":true,"href":"https:\/\/www.almargenweb.com.ar\/web\/wp-json\/wp\/v2\/media\/41190"}],"wp:attachment":[{"href":"https:\/\/www.almargenweb.com.ar\/web\/wp-json\/wp\/v2\/media?parent=41187"}],"wp:term":[{"taxonomy":"category","embeddable":true,"href":"https:\/\/www.almargenweb.com.ar\/web\/wp-json\/wp\/v2\/categories?post=41187"},{"taxonomy":"post_tag","embeddable":true,"href":"https:\/\/www.almargenweb.com.ar\/web\/wp-json\/wp\/v2\/tags?post=41187"}],"curies":[{"name":"wp","href":"https:\/\/api.w.org\/{rel}","templated":true}]}}