{"id":41169,"date":"2023-10-31T16:36:06","date_gmt":"2023-10-31T19:36:06","guid":{"rendered":"http:\/\/www.almargenweb.com.ar\/web\/?p=41169"},"modified":"2023-10-31T16:36:07","modified_gmt":"2023-10-31T19:36:07","slug":"coronda-el-granizo-dano-1-400-000-kilos-de-frutillas-y-ya-afecta-el-abastecimiento","status":"publish","type":"post","link":"https:\/\/www.almargenweb.com.ar\/web\/coronda-el-granizo-dano-1-400-000-kilos-de-frutillas-y-ya-afecta-el-abastecimiento\/","title":{"rendered":"Coronda: el granizo da\u00f1\u00f3 1.400.000 kilos de frutillas y ya afecta el abastecimiento"},"content":{"rendered":"\n<p>La industria no va a tener provisi\u00f3n por diez d\u00edas, porque la planta con suerte va a volver a dar frutillas en 15 d\u00edas. Los productores aseguraron que desde el 2005 no ca\u00eda un granizo de esta magnitud.<\/p>\n\n\n\n<p>El episodio afect\u00f3 a 170 hect\u00e1reas de frutillas, lo que se traduce en un &#8220;porcentaje alt\u00edsimo y una p\u00e9rdida estimada en 1.400.000 kg de frutillas&#8221; y estimativamente 67 productores fueron los afectados.<\/p>\n\n\n\n<p>Los productores abastecen de frutillas al mercado nacional, de hecho, el 47% de lo que se consume en Buenos Aires proviene de Coronda. <\/p>\n\n\n\n<p>Adem\u00e1s, el problema est\u00e1 lejos de encontrar pronta soluci\u00f3n: &#8220;Lamentablemente nos agarr\u00f3 en una \u00e9poca muy complicada la ca\u00edda del granizo porque la planta se recupera en 10 d\u00edas, pero eso es casi el fin de la cosecha&#8221;.<\/p>\n\n\n\n<p>A su vez, no hay mano de obra golondrina, &#8220;no tienen trabajo y buscan, ya empieza el per\u00edodo de la pera y la manzana en R\u00edo Negro, as\u00ed que la gente ya ve otros horizontes laborales&#8221;, dijola subsecretaria de Produccion de la Municipalidad de Coronda.<\/p>\n\n\n\n<p><\/p>\n<!-- AddThis Advanced Settings generic via filter on the_content --><!-- AddThis Share Buttons generic via filter on the_content -->","protected":false},"excerpt":{"rendered":"<p>La industria no va a tener provisi\u00f3n por diez d\u00edas, porque la planta con suerte va [&hellip;]<!-- AddThis Advanced Settings generic via filter on get_the_excerpt --><!-- AddThis Share Buttons generic via filter on get_the_excerpt --><\/p>\n","protected":false},"author":16,"featured_media":41172,"comment_status":"open","ping_status":"open","sticky":false,"template":"","format":"standard","meta":{"_seopress_robots_primary_cat":"none","_seopress_titles_title":"","_seopress_titles_desc":"","_seopress_robots_index":"","_themeisle_gutenberg_block_has_review":false,"footnotes":""},"categories":[1],"tags":[],"class_list":["post-41169","post","type-post","status-publish","format-standard","has-post-thumbnail","hentry","category-sin-categoria"],"_links":{"self":[{"href":"https:\/\/www.almargenweb.com.ar\/web\/wp-json\/wp\/v2\/posts\/41169","targetHints":{"allow":["GET"]}}],"collection":[{"href":"https:\/\/www.almargenweb.com.ar\/web\/wp-json\/wp\/v2\/posts"}],"about":[{"href":"https:\/\/www.almargenweb.com.ar\/web\/wp-json\/wp\/v2\/types\/post"}],"author":[{"embeddable":true,"href":"https:\/\/www.almargenweb.com.ar\/web\/wp-json\/wp\/v2\/users\/16"}],"replies":[{"embeddable":true,"href":"https:\/\/www.almargenweb.com.ar\/web\/wp-json\/wp\/v2\/comments?post=41169"}],"version-history":[{"count":1,"href":"https:\/\/www.almargenweb.com.ar\/web\/wp-json\/wp\/v2\/posts\/41169\/revisions"}],"predecessor-version":[{"id":41173,"href":"https:\/\/www.almargenweb.com.ar\/web\/wp-json\/wp\/v2\/posts\/41169\/revisions\/41173"}],"wp:featuredmedia":[{"embeddable":true,"href":"https:\/\/www.almargenweb.com.ar\/web\/wp-json\/wp\/v2\/media\/41172"}],"wp:attachment":[{"href":"https:\/\/www.almargenweb.com.ar\/web\/wp-json\/wp\/v2\/media?parent=41169"}],"wp:term":[{"taxonomy":"category","embeddable":true,"href":"https:\/\/www.almargenweb.com.ar\/web\/wp-json\/wp\/v2\/categories?post=41169"},{"taxonomy":"post_tag","embeddable":true,"href":"https:\/\/www.almargenweb.com.ar\/web\/wp-json\/wp\/v2\/tags?post=41169"}],"curies":[{"name":"wp","href":"https:\/\/api.w.org\/{rel}","templated":true}]}}