{"id":41149,"date":"2023-10-29T21:11:39","date_gmt":"2023-10-30T00:11:39","guid":{"rendered":"http:\/\/www.almargenweb.com.ar\/web\/?p=41149"},"modified":"2023-10-29T21:11:40","modified_gmt":"2023-10-30T00:11:40","slug":"tarifas-congeladas-y-aumento-de-la-demanda-energica-durante-el-mes-de-septiembre","status":"publish","type":"post","link":"https:\/\/www.almargenweb.com.ar\/web\/tarifas-congeladas-y-aumento-de-la-demanda-energica-durante-el-mes-de-septiembre\/","title":{"rendered":"Tarifas congeladas y aumento de la demanda en\u00e9rgica durante el mes de septiembre"},"content":{"rendered":"\n<p>Seg\u00fan el informe que dio a conocer la Asociaci\u00f3n de Distribuidores de Energ\u00eda El\u00e9ctrica de la Rep\u00fablica Argentina, las proporciones del total de kilovatios consumidos durante el mes pasado en todo el pa\u00eds, permite advertir que el grueso del aumento se encuentra en los dos puntos que crece la demanda de los llamados usuarios residenciales.<\/p>\n\n\n\n<p>Los que son hoy identificados por la segmentaci\u00f3n de los subsidios estatales nacionales como N1,N2 y N3, es decir los hogares de ingresos altos, bajos y medios, en ese orden.<\/p>\n\n\n\n<p>Mientras que en septiembre de 2022 los hogares demandaron el 43% del total que se distribuy\u00f3 en todo el pa\u00eds, el mes pasado fue del 46%. Los dem\u00e1s usuarios no residenciales, es decir los comercios y las industrias mantuvieron proporciones equivalentes.<\/p>\n\n\n\n<p><\/p>\n<!-- AddThis Advanced Settings generic via filter on the_content --><!-- AddThis Share Buttons generic via filter on the_content -->","protected":false},"excerpt":{"rendered":"<p>Seg\u00fan el informe que dio a conocer la Asociaci\u00f3n de Distribuidores de Energ\u00eda El\u00e9ctrica de la [&hellip;]<!-- AddThis Advanced Settings generic via filter on get_the_excerpt --><!-- AddThis Share Buttons generic via filter on get_the_excerpt --><\/p>\n","protected":false},"author":16,"featured_media":41152,"comment_status":"open","ping_status":"open","sticky":false,"template":"","format":"standard","meta":{"_seopress_robots_primary_cat":"none","_seopress_titles_title":"","_seopress_titles_desc":"","_seopress_robots_index":"","_themeisle_gutenberg_block_has_review":false,"footnotes":""},"categories":[1],"tags":[],"class_list":["post-41149","post","type-post","status-publish","format-standard","has-post-thumbnail","hentry","category-sin-categoria"],"_links":{"self":[{"href":"https:\/\/www.almargenweb.com.ar\/web\/wp-json\/wp\/v2\/posts\/41149","targetHints":{"allow":["GET"]}}],"collection":[{"href":"https:\/\/www.almargenweb.com.ar\/web\/wp-json\/wp\/v2\/posts"}],"about":[{"href":"https:\/\/www.almargenweb.com.ar\/web\/wp-json\/wp\/v2\/types\/post"}],"author":[{"embeddable":true,"href":"https:\/\/www.almargenweb.com.ar\/web\/wp-json\/wp\/v2\/users\/16"}],"replies":[{"embeddable":true,"href":"https:\/\/www.almargenweb.com.ar\/web\/wp-json\/wp\/v2\/comments?post=41149"}],"version-history":[{"count":1,"href":"https:\/\/www.almargenweb.com.ar\/web\/wp-json\/wp\/v2\/posts\/41149\/revisions"}],"predecessor-version":[{"id":41153,"href":"https:\/\/www.almargenweb.com.ar\/web\/wp-json\/wp\/v2\/posts\/41149\/revisions\/41153"}],"wp:featuredmedia":[{"embeddable":true,"href":"https:\/\/www.almargenweb.com.ar\/web\/wp-json\/wp\/v2\/media\/41152"}],"wp:attachment":[{"href":"https:\/\/www.almargenweb.com.ar\/web\/wp-json\/wp\/v2\/media?parent=41149"}],"wp:term":[{"taxonomy":"category","embeddable":true,"href":"https:\/\/www.almargenweb.com.ar\/web\/wp-json\/wp\/v2\/categories?post=41149"},{"taxonomy":"post_tag","embeddable":true,"href":"https:\/\/www.almargenweb.com.ar\/web\/wp-json\/wp\/v2\/tags?post=41149"}],"curies":[{"name":"wp","href":"https:\/\/api.w.org\/{rel}","templated":true}]}}