{"id":41095,"date":"2023-10-24T11:27:06","date_gmt":"2023-10-24T14:27:06","guid":{"rendered":"http:\/\/www.almargenweb.com.ar\/web\/?p=41095"},"modified":"2023-10-24T11:27:07","modified_gmt":"2023-10-24T14:27:07","slug":"lluvias-y-alivio-despues-de-tres-anos-los-registros-superaron-los-100mm-en-zonas-del-centro-y-norte-provincial","status":"publish","type":"post","link":"https:\/\/www.almargenweb.com.ar\/web\/lluvias-y-alivio-despues-de-tres-anos-los-registros-superaron-los-100mm-en-zonas-del-centro-y-norte-provincial\/","title":{"rendered":"Lluvias y alivio despu\u00e9s de tres a\u00f1os: los registros superaron los 100mm en zonas del centro y norte provincial"},"content":{"rendered":"\n<p>Desde el s\u00e1bado 21, los registros pluviom\u00e9tricos superaron los 100mm en zonas del centro y norte provincial. <\/p>\n\n\n\n<p>Y si bien en el sur fueron menores, en torno a 20\/40mm, con algunos picos cercanos a 80mm, tambi\u00e9n fueron celebrados entre agricultores y ganaderos por igual.<\/p>\n\n\n\n<p>Hacia el Este, en los departamentos Vera y General Obligado, el reporte fue de  80mm en Margarita, 130 en Las Gamas, 140 El Cerrito, m\u00e1s de 100 en El 38, 120 en Romang y 60\/70 en Calchaqu\u00ed. <\/p>\n\n\n\n<p>Desde Las Garzas, donde cayeron entre 80 y 100mm, consideraron &#8220;excelente&#8221; el agua ca\u00edda. &#8220;La parte ganadera se va a poner espectacular&#8221;, dijeron, aunque la humedad lleg\u00f3 un poco tarde y los servicios est\u00e1n casi definidos. <\/p>\n\n\n\n<p>En Villa Ocampo indicaron que fueron &#8220;de 10, tanto para ganader\u00eda como la agricultura&#8221;, especialmente para llenar represas para bebida de los animales.<\/p>\n\n\n\n<p>En San Justo, donde los cultivos s\u00f3lo hab\u00edan recibido 35\/40mm de m\u00e1xima en 5 meses, los registros muestran hasta 80mm y les da un gran alivio, si bien llegaron tarde. &#8220;Les da un gran empuj\u00f3n a los poco girasoles y ma\u00edces que se pudieron sembrar&#8221;, dijo un productor y asesor.<\/p>\n<!-- AddThis Advanced Settings generic via filter on the_content --><!-- AddThis Share Buttons generic via filter on the_content -->","protected":false},"excerpt":{"rendered":"<p>Desde el s\u00e1bado 21, los registros pluviom\u00e9tricos superaron los 100mm en zonas del centro y norte [&hellip;]<!-- AddThis Advanced Settings generic via filter on get_the_excerpt --><!-- AddThis Share Buttons generic via filter on get_the_excerpt --><\/p>\n","protected":false},"author":16,"featured_media":41098,"comment_status":"open","ping_status":"open","sticky":false,"template":"","format":"standard","meta":{"_seopress_robots_primary_cat":"none","_seopress_titles_title":"","_seopress_titles_desc":"","_seopress_robots_index":"","_themeisle_gutenberg_block_has_review":false,"footnotes":""},"categories":[2,164],"tags":[],"class_list":["post-41095","post","type-post","status-publish","format-standard","has-post-thumbnail","hentry","category-actualidad","category-ambiente"],"_links":{"self":[{"href":"https:\/\/www.almargenweb.com.ar\/web\/wp-json\/wp\/v2\/posts\/41095","targetHints":{"allow":["GET"]}}],"collection":[{"href":"https:\/\/www.almargenweb.com.ar\/web\/wp-json\/wp\/v2\/posts"}],"about":[{"href":"https:\/\/www.almargenweb.com.ar\/web\/wp-json\/wp\/v2\/types\/post"}],"author":[{"embeddable":true,"href":"https:\/\/www.almargenweb.com.ar\/web\/wp-json\/wp\/v2\/users\/16"}],"replies":[{"embeddable":true,"href":"https:\/\/www.almargenweb.com.ar\/web\/wp-json\/wp\/v2\/comments?post=41095"}],"version-history":[{"count":1,"href":"https:\/\/www.almargenweb.com.ar\/web\/wp-json\/wp\/v2\/posts\/41095\/revisions"}],"predecessor-version":[{"id":41099,"href":"https:\/\/www.almargenweb.com.ar\/web\/wp-json\/wp\/v2\/posts\/41095\/revisions\/41099"}],"wp:featuredmedia":[{"embeddable":true,"href":"https:\/\/www.almargenweb.com.ar\/web\/wp-json\/wp\/v2\/media\/41098"}],"wp:attachment":[{"href":"https:\/\/www.almargenweb.com.ar\/web\/wp-json\/wp\/v2\/media?parent=41095"}],"wp:term":[{"taxonomy":"category","embeddable":true,"href":"https:\/\/www.almargenweb.com.ar\/web\/wp-json\/wp\/v2\/categories?post=41095"},{"taxonomy":"post_tag","embeddable":true,"href":"https:\/\/www.almargenweb.com.ar\/web\/wp-json\/wp\/v2\/tags?post=41095"}],"curies":[{"name":"wp","href":"https:\/\/api.w.org\/{rel}","templated":true}]}}