{"id":41040,"date":"2023-10-20T15:02:57","date_gmt":"2023-10-20T18:02:57","guid":{"rendered":"http:\/\/www.almargenweb.com.ar\/web\/?p=41040"},"modified":"2023-10-20T15:02:58","modified_gmt":"2023-10-20T18:02:58","slug":"pullaro-defendio-a-su-amigo-santoro-y-mando-una-senal-hacia-un-eventual-balotaje","status":"publish","type":"post","link":"https:\/\/www.almargenweb.com.ar\/web\/pullaro-defendio-a-su-amigo-santoro-y-mando-una-senal-hacia-un-eventual-balotaje\/","title":{"rendered":"Pullaro defendi\u00f3 a su amigo Santoro y mand\u00f3 una se\u00f1al hacia un eventual balotaje"},"content":{"rendered":"\n<p>A tres d\u00edas de las elecciones presidenciales, Maximiliano Pullaro se despeg\u00f3 de Javier Milei y cruz\u00f3 al candidato presidencial de La Libertad Avanza (LLA). <\/p>\n\n\n\n<p>El gobernador electo de Santa Fe sali\u00f3 en defensa de su amigo radical Leandro Santoro, hoy candidato de Uni\u00f3n por la Patria, en una jugada que podr\u00eda adelantar movimientos en la UCR de cara a un eventual balotaje.<\/p>\n\n\n\n<p>Pullaro argument\u00f3 que Santoro es un defensor comprometido de la educaci\u00f3n p\u00fablica, y esta decisi\u00f3n podr\u00eda dar un nuevo rumbo a la pol\u00edtica argentina. <\/p>\n\n\n\n<p>Por estos d\u00edas, la defensa de la educaci\u00f3n p\u00fablica ha provocado un intenso debate, en v\u00edsperas de las elecciones presidenciales.<\/p>\n<!-- AddThis Advanced Settings generic via filter on the_content --><!-- AddThis Share Buttons generic via filter on the_content -->","protected":false},"excerpt":{"rendered":"<p>A tres d\u00edas de las elecciones presidenciales, Maximiliano Pullaro se despeg\u00f3 de Javier Milei y cruz\u00f3 [&hellip;]<!-- AddThis Advanced Settings generic via filter on get_the_excerpt --><!-- AddThis Share Buttons generic via filter on get_the_excerpt --><\/p>\n","protected":false},"author":16,"featured_media":41043,"comment_status":"open","ping_status":"open","sticky":false,"template":"","format":"standard","meta":{"_seopress_robots_primary_cat":"none","_seopress_titles_title":"","_seopress_titles_desc":"","_seopress_robots_index":"","_themeisle_gutenberg_block_has_review":false,"footnotes":""},"categories":[2,164,19,9],"tags":[],"class_list":["post-41040","post","type-post","status-publish","format-standard","has-post-thumbnail","hentry","category-actualidad","category-ambiente","category-educacion","category-politica"],"_links":{"self":[{"href":"https:\/\/www.almargenweb.com.ar\/web\/wp-json\/wp\/v2\/posts\/41040","targetHints":{"allow":["GET"]}}],"collection":[{"href":"https:\/\/www.almargenweb.com.ar\/web\/wp-json\/wp\/v2\/posts"}],"about":[{"href":"https:\/\/www.almargenweb.com.ar\/web\/wp-json\/wp\/v2\/types\/post"}],"author":[{"embeddable":true,"href":"https:\/\/www.almargenweb.com.ar\/web\/wp-json\/wp\/v2\/users\/16"}],"replies":[{"embeddable":true,"href":"https:\/\/www.almargenweb.com.ar\/web\/wp-json\/wp\/v2\/comments?post=41040"}],"version-history":[{"count":1,"href":"https:\/\/www.almargenweb.com.ar\/web\/wp-json\/wp\/v2\/posts\/41040\/revisions"}],"predecessor-version":[{"id":41044,"href":"https:\/\/www.almargenweb.com.ar\/web\/wp-json\/wp\/v2\/posts\/41040\/revisions\/41044"}],"wp:featuredmedia":[{"embeddable":true,"href":"https:\/\/www.almargenweb.com.ar\/web\/wp-json\/wp\/v2\/media\/41043"}],"wp:attachment":[{"href":"https:\/\/www.almargenweb.com.ar\/web\/wp-json\/wp\/v2\/media?parent=41040"}],"wp:term":[{"taxonomy":"category","embeddable":true,"href":"https:\/\/www.almargenweb.com.ar\/web\/wp-json\/wp\/v2\/categories?post=41040"},{"taxonomy":"post_tag","embeddable":true,"href":"https:\/\/www.almargenweb.com.ar\/web\/wp-json\/wp\/v2\/tags?post=41040"}],"curies":[{"name":"wp","href":"https:\/\/api.w.org\/{rel}","templated":true}]}}