{"id":41025,"date":"2023-10-19T17:09:16","date_gmt":"2023-10-19T20:09:16","guid":{"rendered":"http:\/\/www.almargenweb.com.ar\/web\/?p=41025"},"modified":"2023-10-19T17:09:18","modified_gmt":"2023-10-19T20:09:18","slug":"contra-los-vouchers-marchan-este-este-viernes-en-defensa-de-la-educacion-publica","status":"publish","type":"post","link":"https:\/\/www.almargenweb.com.ar\/web\/contra-los-vouchers-marchan-este-este-viernes-en-defensa-de-la-educacion-publica\/","title":{"rendered":"Contra los vouchers: marchan este este viernes en defensa de la educaci\u00f3n p\u00fablica"},"content":{"rendered":"\n<p>M\u00e1s de una veintena de entidades sindicales, movimientos estudiantiles y organizaciones sociales conformaron la Mesa por la Educaci\u00f3n de Santa Fe y llevar\u00e1n adelante su primera acci\u00f3n este viernes 20, a escasas 48 horas de las elecciones presidenciales, en defensa de la educaci\u00f3n p\u00fablica y gratuita. <\/p>\n\n\n\n<p>Ser\u00e1 una movilizaci\u00f3n por las calles de la ciudad, a las 17 horas, partiendo de la Plaza del Soldado hacia la 25 de Mayo.<\/p>\n\n\n\n<p>&#8220;Ni voucher, ni arancelamiento&#8221; y &#8220;Por la aprobaci\u00f3n del presupuesto educativo&#8221;, son las consignas que dieron origen a la Mesa, atentos a la situaci\u00f3n preelectoral con relaci\u00f3n al tema educativo.<\/p>\n\n\n\n<p>&#8220;Estamos realmente preocupados porque escuchamos discursos, particularmente de la Libertad Avanza y Juntos por el Cambio, donde se plantean dos cuestiones que la comunidad educativa -tanto de la escuela p\u00fablica como privada y universitaria-, rechazan: son los conceptos de arancelamiento y de los vouchers&#8221;, dijo Jos\u00e9 Testoni, secretario general de la CTA Santa Fe, en una conferencia de prensa realizada este mi\u00e9rcoles en la sede gremial de Jun\u00edn 2420.<\/p>\n\n\n\n<p>\u201cNosotros entendemos que hay que mejorar la educaci\u00f3n p\u00fablica, que son necesarios m\u00e1s cargos, mejor infraestructura, mayores materiales pedag\u00f3gicos para fortalecer los procesos de ense\u00f1anza-aprendizaje, pero siempre claramente siendo el Estado el garante de los derechos. La educaci\u00f3n p\u00fablica es hist\u00f3rica en nuestro pa\u00eds y la vamos a defender\u201d, cerr\u00f3.<\/p>\n<!-- AddThis Advanced Settings generic via filter on the_content --><!-- AddThis Share Buttons generic via filter on the_content -->","protected":false},"excerpt":{"rendered":"<p>M\u00e1s de una veintena de entidades sindicales, movimientos estudiantiles y organizaciones sociales conformaron la Mesa por [&hellip;]<!-- AddThis Advanced Settings generic via filter on get_the_excerpt --><!-- AddThis Share Buttons generic via filter on get_the_excerpt --><\/p>\n","protected":false},"author":16,"featured_media":41028,"comment_status":"open","ping_status":"open","sticky":false,"template":"","format":"standard","meta":{"_seopress_robots_primary_cat":"none","_seopress_titles_title":"","_seopress_titles_desc":"","_seopress_robots_index":"","_themeisle_gutenberg_block_has_review":false,"footnotes":""},"categories":[2,164,19],"tags":[],"class_list":["post-41025","post","type-post","status-publish","format-standard","has-post-thumbnail","hentry","category-actualidad","category-ambiente","category-educacion"],"_links":{"self":[{"href":"https:\/\/www.almargenweb.com.ar\/web\/wp-json\/wp\/v2\/posts\/41025","targetHints":{"allow":["GET"]}}],"collection":[{"href":"https:\/\/www.almargenweb.com.ar\/web\/wp-json\/wp\/v2\/posts"}],"about":[{"href":"https:\/\/www.almargenweb.com.ar\/web\/wp-json\/wp\/v2\/types\/post"}],"author":[{"embeddable":true,"href":"https:\/\/www.almargenweb.com.ar\/web\/wp-json\/wp\/v2\/users\/16"}],"replies":[{"embeddable":true,"href":"https:\/\/www.almargenweb.com.ar\/web\/wp-json\/wp\/v2\/comments?post=41025"}],"version-history":[{"count":1,"href":"https:\/\/www.almargenweb.com.ar\/web\/wp-json\/wp\/v2\/posts\/41025\/revisions"}],"predecessor-version":[{"id":41029,"href":"https:\/\/www.almargenweb.com.ar\/web\/wp-json\/wp\/v2\/posts\/41025\/revisions\/41029"}],"wp:featuredmedia":[{"embeddable":true,"href":"https:\/\/www.almargenweb.com.ar\/web\/wp-json\/wp\/v2\/media\/41028"}],"wp:attachment":[{"href":"https:\/\/www.almargenweb.com.ar\/web\/wp-json\/wp\/v2\/media?parent=41025"}],"wp:term":[{"taxonomy":"category","embeddable":true,"href":"https:\/\/www.almargenweb.com.ar\/web\/wp-json\/wp\/v2\/categories?post=41025"},{"taxonomy":"post_tag","embeddable":true,"href":"https:\/\/www.almargenweb.com.ar\/web\/wp-json\/wp\/v2\/tags?post=41025"}],"curies":[{"name":"wp","href":"https:\/\/api.w.org\/{rel}","templated":true}]}}