{"id":40989,"date":"2023-10-17T11:18:01","date_gmt":"2023-10-17T14:18:01","guid":{"rendered":"http:\/\/www.almargenweb.com.ar\/web\/?p=40989"},"modified":"2023-10-17T11:18:03","modified_gmt":"2023-10-17T14:18:03","slug":"renuncia-de-subsidios-piden-a-las-provincias-que-adhieran-para-que-la-ciudadania-sepa-cuanto-cuesta-el-transporte","status":"publish","type":"post","link":"https:\/\/www.almargenweb.com.ar\/web\/renuncia-de-subsidios-piden-a-las-provincias-que-adhieran-para-que-la-ciudadania-sepa-cuanto-cuesta-el-transporte\/","title":{"rendered":"Renuncia de subsidios: piden a las Provincias que adhieran para que la ciudadan\u00eda sepa cu\u00e1nto cuesta el transporte"},"content":{"rendered":"\n<p>El ministro de Transporte pidi\u00f3 a los gobiernos provinciales y municipales que aprueben la medida anunciada este lunes para que los pasajeros \u201cpuedan distinguir cu\u00e1nto cuesta el transporte\u201d y lleguen m\u00e1s informados a la elecci\u00f3n presidencial de este domingo.<\/p>\n\n\n\n<p>La renuncia voluntaria de subsidios que comenzar\u00e1 a regir en el \u00c1rea Metropolitana de Buenos Aires tiene como finalidad que la ciudadan\u00eda \u201cpueda distinguir cu\u00e1nto cuesta el transporte\u201d. <\/p>\n\n\n\n<p>La medida busca que los argentinos lleguen a las urnas con la mayor cantidad de informaci\u00f3n posible y dimensionen lo que significan algunas propuestas que abogan por el recorte o eliminaci\u00f3n de los subsidios.<\/p>\n\n\n\n<p>La renuncia voluntaria del subsidio estar\u00e1 disponible para usuarios de colectivos y trenes de jurisdicci\u00f3n nacional y se podr\u00e1 gestionar desde el 20 de octubre a trav\u00e9s de la web <a href=\"http:\/\/argentina.gob.ar\/SUBE\" data-type=\"URL\" data-id=\"argentina.gob.ar\/SUBE\">argentina.gob.ar\/SUBE<\/a>.<\/p>\n<!-- AddThis Advanced Settings generic via filter on the_content --><!-- AddThis Share Buttons generic via filter on the_content -->","protected":false},"excerpt":{"rendered":"<p>El ministro de Transporte pidi\u00f3 a los gobiernos provinciales y municipales que aprueben la medida anunciada [&hellip;]<!-- AddThis Advanced Settings generic via filter on get_the_excerpt --><!-- AddThis Share Buttons generic via filter on get_the_excerpt --><\/p>\n","protected":false},"author":16,"featured_media":40992,"comment_status":"open","ping_status":"open","sticky":false,"template":"","format":"standard","meta":{"_seopress_robots_primary_cat":"none","_seopress_titles_title":"","_seopress_titles_desc":"","_seopress_robots_index":"","_themeisle_gutenberg_block_has_review":false,"footnotes":""},"categories":[1],"tags":[],"class_list":["post-40989","post","type-post","status-publish","format-standard","has-post-thumbnail","hentry","category-sin-categoria"],"_links":{"self":[{"href":"https:\/\/www.almargenweb.com.ar\/web\/wp-json\/wp\/v2\/posts\/40989","targetHints":{"allow":["GET"]}}],"collection":[{"href":"https:\/\/www.almargenweb.com.ar\/web\/wp-json\/wp\/v2\/posts"}],"about":[{"href":"https:\/\/www.almargenweb.com.ar\/web\/wp-json\/wp\/v2\/types\/post"}],"author":[{"embeddable":true,"href":"https:\/\/www.almargenweb.com.ar\/web\/wp-json\/wp\/v2\/users\/16"}],"replies":[{"embeddable":true,"href":"https:\/\/www.almargenweb.com.ar\/web\/wp-json\/wp\/v2\/comments?post=40989"}],"version-history":[{"count":1,"href":"https:\/\/www.almargenweb.com.ar\/web\/wp-json\/wp\/v2\/posts\/40989\/revisions"}],"predecessor-version":[{"id":40993,"href":"https:\/\/www.almargenweb.com.ar\/web\/wp-json\/wp\/v2\/posts\/40989\/revisions\/40993"}],"wp:featuredmedia":[{"embeddable":true,"href":"https:\/\/www.almargenweb.com.ar\/web\/wp-json\/wp\/v2\/media\/40992"}],"wp:attachment":[{"href":"https:\/\/www.almargenweb.com.ar\/web\/wp-json\/wp\/v2\/media?parent=40989"}],"wp:term":[{"taxonomy":"category","embeddable":true,"href":"https:\/\/www.almargenweb.com.ar\/web\/wp-json\/wp\/v2\/categories?post=40989"},{"taxonomy":"post_tag","embeddable":true,"href":"https:\/\/www.almargenweb.com.ar\/web\/wp-json\/wp\/v2\/tags?post=40989"}],"curies":[{"name":"wp","href":"https:\/\/api.w.org\/{rel}","templated":true}]}}