{"id":40959,"date":"2023-10-12T14:10:11","date_gmt":"2023-10-12T17:10:11","guid":{"rendered":"http:\/\/www.almargenweb.com.ar\/web\/?p=40959"},"modified":"2023-10-12T14:10:12","modified_gmt":"2023-10-12T17:10:12","slug":"ciencia-argentina-experimentan-con-harina-de-banana-para-crear-alimentos-aptos-celiacos","status":"publish","type":"post","link":"https:\/\/www.almargenweb.com.ar\/web\/ciencia-argentina-experimentan-con-harina-de-banana-para-crear-alimentos-aptos-celiacos\/","title":{"rendered":"Ciencia argentina: experimentan con harina de banana para crear alimentos aptos cel\u00edacos"},"content":{"rendered":"\n<p>Estudiantes de la Tecnicatura en Tecnolog\u00edas en Alimentos del Instituto de Educaci\u00f3n Superior de Yuto trabajan en la producci\u00f3n de harina de bananas y preparados para crear un alimento apto para cel\u00edacos.<\/p>\n\n\n\n<p>La iniciativa tambi\u00e9n apunta a aprovechar la fruta de la zona que se descarta y favorecer la producci\u00f3n local.<\/p>\n\n\n\n<p>Apuntan a que esta harina de banana sea alternativa de aprovechamiento de la producci\u00f3n local, y al mismo tiempo sea una posibilidad de formular alimentos para celiacos.<\/p>\n\n\n\n<p>El proceso fue artesanal, los estudiantes se dividieron en grupos, segundo y tercer a\u00f1o de la carrera, y uno de ellos someti\u00f3 a la banana a un proceso de desecado al sol, es decir en forma natural, mientras otro opt\u00f3 por hacer deshidratado en horno; y el resultado fue el polvo, la harina.<\/p>\n\n\n\n<p>Las harinas tienen un tama\u00f1o de 150 micrones la part\u00edcula, las m\u00e1s grandes las usaron como rebozador, hicieron milanesas, alb\u00f3ndigas y un bud\u00edn de pan; adem\u00e1s de experimentar con snacks, pan y usaron maracuy\u00e1 para sumar.<\/p>\n\n\n\n<p> &#8220;Pudimos realizar distintos tipos de productos para que puedan consumir personas con celiaqu\u00eda, y los que no puedan consumir carbohidratos que pueda afectar su salud&#8221;, dijo la estudiante destacando el nicho al que apuntan desde su desarrollo.<\/p>\n<!-- AddThis Advanced Settings generic via filter on the_content --><!-- AddThis Share Buttons generic via filter on the_content -->","protected":false},"excerpt":{"rendered":"<p>Estudiantes de la Tecnicatura en Tecnolog\u00edas en Alimentos del Instituto de Educaci\u00f3n Superior de Yuto trabajan [&hellip;]<!-- AddThis Advanced Settings generic via filter on get_the_excerpt --><!-- AddThis Share Buttons generic via filter on get_the_excerpt --><\/p>\n","protected":false},"author":16,"featured_media":40962,"comment_status":"open","ping_status":"open","sticky":false,"template":"","format":"standard","meta":{"_seopress_robots_primary_cat":"none","_seopress_titles_title":"","_seopress_titles_desc":"","_seopress_robots_index":"","_themeisle_gutenberg_block_has_review":false,"footnotes":""},"categories":[2,164],"tags":[],"class_list":["post-40959","post","type-post","status-publish","format-standard","has-post-thumbnail","hentry","category-actualidad","category-ambiente"],"_links":{"self":[{"href":"https:\/\/www.almargenweb.com.ar\/web\/wp-json\/wp\/v2\/posts\/40959","targetHints":{"allow":["GET"]}}],"collection":[{"href":"https:\/\/www.almargenweb.com.ar\/web\/wp-json\/wp\/v2\/posts"}],"about":[{"href":"https:\/\/www.almargenweb.com.ar\/web\/wp-json\/wp\/v2\/types\/post"}],"author":[{"embeddable":true,"href":"https:\/\/www.almargenweb.com.ar\/web\/wp-json\/wp\/v2\/users\/16"}],"replies":[{"embeddable":true,"href":"https:\/\/www.almargenweb.com.ar\/web\/wp-json\/wp\/v2\/comments?post=40959"}],"version-history":[{"count":1,"href":"https:\/\/www.almargenweb.com.ar\/web\/wp-json\/wp\/v2\/posts\/40959\/revisions"}],"predecessor-version":[{"id":40963,"href":"https:\/\/www.almargenweb.com.ar\/web\/wp-json\/wp\/v2\/posts\/40959\/revisions\/40963"}],"wp:featuredmedia":[{"embeddable":true,"href":"https:\/\/www.almargenweb.com.ar\/web\/wp-json\/wp\/v2\/media\/40962"}],"wp:attachment":[{"href":"https:\/\/www.almargenweb.com.ar\/web\/wp-json\/wp\/v2\/media?parent=40959"}],"wp:term":[{"taxonomy":"category","embeddable":true,"href":"https:\/\/www.almargenweb.com.ar\/web\/wp-json\/wp\/v2\/categories?post=40959"},{"taxonomy":"post_tag","embeddable":true,"href":"https:\/\/www.almargenweb.com.ar\/web\/wp-json\/wp\/v2\/tags?post=40959"}],"curies":[{"name":"wp","href":"https:\/\/api.w.org\/{rel}","templated":true}]}}