{"id":40881,"date":"2023-10-05T17:50:49","date_gmt":"2023-10-05T20:50:49","guid":{"rendered":"http:\/\/www.almargenweb.com.ar\/web\/?p=40881"},"modified":"2023-10-05T17:50:50","modified_gmt":"2023-10-05T20:50:50","slug":"soldado-voluntario-de-san-justo-es-condecorado-por-el-ejercito-de-ucrania","status":"publish","type":"post","link":"https:\/\/www.almargenweb.com.ar\/web\/soldado-voluntario-de-san-justo-es-condecorado-por-el-ejercito-de-ucrania\/","title":{"rendered":"Soldado voluntario de San Justo es condecorado por el Ej\u00e9rcito de Ucrania"},"content":{"rendered":"\n<p>Se trata de Mario Sebri\u00e9, quien cumple una misi\u00f3n como soldado voluntario en aquel pa\u00eds europeo, que desde febrero del a\u00f1o pasado est\u00e1 siendo invadido por Rusia. <\/p>\n\n\n\n<p>\u201cComo consecuencia de mi trabajo he sido condecorado hace unos d\u00edas con una medalla al valor, lo cual obviamente es algo muy emotivo\u201d se\u00f1al\u00f3 el sanjustino.<\/p>\n\n\n\n<p>En un intercambio con el periodista de LT9 Mariano Colombo, Sebri\u00e9 le cont\u00f3 que \u201cestoy todav\u00eda en Ucrania ayudando a la gente ac\u00e1, apoyando a la libertad, a los ideales sanmartinianos. <\/p>\n\n\n\n<p>Estamos bien, que ya somos un batall\u00f3n de hispanos, donde hay argentinos, donde hay hermanos de Colombia, hermanos de Brasil, uruguayos tambi\u00e9n. As\u00ed que bueno, seguimos ac\u00e1 firme\u201d.<\/p>\n\n\n\n<p>\u201cSiempre pensando en mi Argentina en que realmente nosotros tenemos problemas econ\u00f3micos quiz\u00e1s sociales del nivel pol\u00edtico pero lo que est\u00e1 pasando ac\u00e1 es terrible y siempre deseando que nunca lleguemos a este extremo, nunca\u201d concluy\u00f3 el soldado voluntario oriundo de San Justo.<\/p>\n<!-- AddThis Advanced Settings generic via filter on the_content --><!-- AddThis Share Buttons generic via filter on the_content -->","protected":false},"excerpt":{"rendered":"<p>Se trata de Mario Sebri\u00e9, quien cumple una misi\u00f3n como soldado voluntario en aquel pa\u00eds europeo, [&hellip;]<!-- AddThis Advanced Settings generic via filter on get_the_excerpt --><!-- AddThis Share Buttons generic via filter on get_the_excerpt --><\/p>\n","protected":false},"author":16,"featured_media":40884,"comment_status":"open","ping_status":"open","sticky":false,"template":"","format":"standard","meta":{"_seopress_robots_primary_cat":"none","_seopress_titles_title":"","_seopress_titles_desc":"","_seopress_robots_index":"","_themeisle_gutenberg_block_has_review":false,"footnotes":""},"categories":[2,164,20],"tags":[],"class_list":["post-40881","post","type-post","status-publish","format-standard","has-post-thumbnail","hentry","category-actualidad","category-ambiente","category-departamentales"],"_links":{"self":[{"href":"https:\/\/www.almargenweb.com.ar\/web\/wp-json\/wp\/v2\/posts\/40881","targetHints":{"allow":["GET"]}}],"collection":[{"href":"https:\/\/www.almargenweb.com.ar\/web\/wp-json\/wp\/v2\/posts"}],"about":[{"href":"https:\/\/www.almargenweb.com.ar\/web\/wp-json\/wp\/v2\/types\/post"}],"author":[{"embeddable":true,"href":"https:\/\/www.almargenweb.com.ar\/web\/wp-json\/wp\/v2\/users\/16"}],"replies":[{"embeddable":true,"href":"https:\/\/www.almargenweb.com.ar\/web\/wp-json\/wp\/v2\/comments?post=40881"}],"version-history":[{"count":1,"href":"https:\/\/www.almargenweb.com.ar\/web\/wp-json\/wp\/v2\/posts\/40881\/revisions"}],"predecessor-version":[{"id":40885,"href":"https:\/\/www.almargenweb.com.ar\/web\/wp-json\/wp\/v2\/posts\/40881\/revisions\/40885"}],"wp:featuredmedia":[{"embeddable":true,"href":"https:\/\/www.almargenweb.com.ar\/web\/wp-json\/wp\/v2\/media\/40884"}],"wp:attachment":[{"href":"https:\/\/www.almargenweb.com.ar\/web\/wp-json\/wp\/v2\/media?parent=40881"}],"wp:term":[{"taxonomy":"category","embeddable":true,"href":"https:\/\/www.almargenweb.com.ar\/web\/wp-json\/wp\/v2\/categories?post=40881"},{"taxonomy":"post_tag","embeddable":true,"href":"https:\/\/www.almargenweb.com.ar\/web\/wp-json\/wp\/v2\/tags?post=40881"}],"curies":[{"name":"wp","href":"https:\/\/api.w.org\/{rel}","templated":true}]}}