{"id":40876,"date":"2023-10-05T17:31:32","date_gmt":"2023-10-05T20:31:32","guid":{"rendered":"http:\/\/www.almargenweb.com.ar\/web\/?p=40876"},"modified":"2023-10-05T17:31:33","modified_gmt":"2023-10-05T20:31:33","slug":"santa-fe-y-cordoba-firmaron-el-contrato-para-iniciar-el-acueducto-interprovincial","status":"publish","type":"post","link":"https:\/\/www.almargenweb.com.ar\/web\/santa-fe-y-cordoba-firmaron-el-contrato-para-iniciar-el-acueducto-interprovincial\/","title":{"rendered":"Santa Fe y C\u00f3rdoba firmaron el contrato para iniciar el Acueducto Interprovincial"},"content":{"rendered":"\n<p>Laos gobernadores de Santa Fe y C\u00f3rdoba, participaron de la firma del contrato para iniciar el Acueducto Interprovincial. <\/p>\n\n\n\n<p>De la actividad tambi\u00e9n participaron los gobernadores electos de ambas provincias, Maximiliano Pullaro y Mart\u00edn Llaryora. Se trat\u00f3 de la primera actividad conjunta entre los mandatarios santafesinos.<\/p>\n\n\n\n<p>Maximiliano Pullaro, el gobernador electo agradeci\u00f3 &#8220;profundamente el gesto que hoy tiene el gobernador Omar Perotti para invitarnos a participar de esta obra trascendente para la provincia de Santa Fe y C\u00f3rdoba&#8221;.<\/p>\n\n\n\n<p>&#8220;Son pol\u00edticas de estado que deben continuar, como tantas pol\u00edticas p\u00fablicas y ese es el objetivo que tenemos&#8221;, asegur\u00f3.<\/p>\n\n\n\n<p>Desde el inicio de los v\u00ednculos con Kuwait, ambas provincias cumplieron todos sus compromisos. Esto gener\u00f3 un v\u00ednculo estable, y de confianza que permiti\u00f3 encarar obras de manera conjunta.<\/p>\n\n\n\n<p>En esta nueva etapa de transici\u00f3n, en la que los equipos de ambas gestiones mantienen encuentros para llevar adelante un traspaso ordenado a pesar de que los proyectos pol\u00edticos son diferentes.<\/p>\n<!-- AddThis Advanced Settings generic via filter on the_content --><!-- AddThis Share Buttons generic via filter on the_content -->","protected":false},"excerpt":{"rendered":"<p>Laos gobernadores de Santa Fe y C\u00f3rdoba, participaron de la firma del contrato para iniciar el [&hellip;]<!-- AddThis Advanced Settings generic via filter on get_the_excerpt --><!-- AddThis Share Buttons generic via filter on get_the_excerpt --><\/p>\n","protected":false},"author":16,"featured_media":40879,"comment_status":"open","ping_status":"open","sticky":false,"template":"","format":"standard","meta":{"_seopress_robots_primary_cat":"none","_seopress_titles_title":"","_seopress_titles_desc":"","_seopress_robots_index":"","_themeisle_gutenberg_block_has_review":false,"footnotes":""},"categories":[1],"tags":[],"class_list":["post-40876","post","type-post","status-publish","format-standard","has-post-thumbnail","hentry","category-sin-categoria"],"_links":{"self":[{"href":"https:\/\/www.almargenweb.com.ar\/web\/wp-json\/wp\/v2\/posts\/40876","targetHints":{"allow":["GET"]}}],"collection":[{"href":"https:\/\/www.almargenweb.com.ar\/web\/wp-json\/wp\/v2\/posts"}],"about":[{"href":"https:\/\/www.almargenweb.com.ar\/web\/wp-json\/wp\/v2\/types\/post"}],"author":[{"embeddable":true,"href":"https:\/\/www.almargenweb.com.ar\/web\/wp-json\/wp\/v2\/users\/16"}],"replies":[{"embeddable":true,"href":"https:\/\/www.almargenweb.com.ar\/web\/wp-json\/wp\/v2\/comments?post=40876"}],"version-history":[{"count":1,"href":"https:\/\/www.almargenweb.com.ar\/web\/wp-json\/wp\/v2\/posts\/40876\/revisions"}],"predecessor-version":[{"id":40880,"href":"https:\/\/www.almargenweb.com.ar\/web\/wp-json\/wp\/v2\/posts\/40876\/revisions\/40880"}],"wp:featuredmedia":[{"embeddable":true,"href":"https:\/\/www.almargenweb.com.ar\/web\/wp-json\/wp\/v2\/media\/40879"}],"wp:attachment":[{"href":"https:\/\/www.almargenweb.com.ar\/web\/wp-json\/wp\/v2\/media?parent=40876"}],"wp:term":[{"taxonomy":"category","embeddable":true,"href":"https:\/\/www.almargenweb.com.ar\/web\/wp-json\/wp\/v2\/categories?post=40876"},{"taxonomy":"post_tag","embeddable":true,"href":"https:\/\/www.almargenweb.com.ar\/web\/wp-json\/wp\/v2\/tags?post=40876"}],"curies":[{"name":"wp","href":"https:\/\/api.w.org\/{rel}","templated":true}]}}