{"id":40868,"date":"2023-10-04T15:55:03","date_gmt":"2023-10-04T18:55:03","guid":{"rendered":"http:\/\/www.almargenweb.com.ar\/web\/?p=40868"},"modified":"2023-10-04T15:55:04","modified_gmt":"2023-10-04T18:55:04","slug":"devastador-incendio-consumio-un-establecimiento-maderero-la-destruccion-fue-total","status":"publish","type":"post","link":"https:\/\/www.almargenweb.com.ar\/web\/devastador-incendio-consumio-un-establecimiento-maderero-la-destruccion-fue-total\/","title":{"rendered":"Devastador incendio consumi\u00f3 un establecimiento maderero: la destrucci\u00f3n fue total"},"content":{"rendered":"\n<p>Ocurri\u00f3 en un establecimiento ubicado en ruta 6 y ruta 70 (100 metros al norte). El fuego se propag\u00f3 a otro galp\u00f3n donde hab\u00eda elementos de metal\u00fargica. Tambi\u00e9n se quem\u00f3 un auto y una lancha.<\/p>\n\n\n\n<p>En el lugar trabaj\u00f3 personal de Bomberos Voluntarios de Esperanza, Franck y Humboldt, polic\u00edas y la EPE cuando durante la ma\u00f1ana del mi\u00e9rcoles, un incendio de magnitud se produjo en un establecimiento maderero donde caus\u00f3 da\u00f1os de suma importancia.<\/p>\n\n\n\n<p>Por causas que se tratan de determinar, minutos despu\u00e9s de las 5, el fuego se concentr\u00f3 en un galp\u00f3n donde hab\u00eda gran cantidad de maderas, el que luego se propag\u00f3 a otro galp\u00f3n lindero donde se realizan trabajos de metal\u00fargica.<\/p>\n\n\n\n<p><\/p>\n<!-- AddThis Advanced Settings generic via filter on the_content --><!-- AddThis Share Buttons generic via filter on the_content -->","protected":false},"excerpt":{"rendered":"<p>Ocurri\u00f3 en un establecimiento ubicado en ruta 6 y ruta 70 (100 metros al norte). El [&hellip;]<!-- AddThis Advanced Settings generic via filter on get_the_excerpt --><!-- AddThis Share Buttons generic via filter on get_the_excerpt --><\/p>\n","protected":false},"author":16,"featured_media":40871,"comment_status":"open","ping_status":"open","sticky":false,"template":"","format":"standard","meta":{"_seopress_robots_primary_cat":"none","_seopress_titles_title":"","_seopress_titles_desc":"","_seopress_robots_index":"","_themeisle_gutenberg_block_has_review":false,"footnotes":""},"categories":[2,164,21,47],"tags":[],"class_list":["post-40868","post","type-post","status-publish","format-standard","has-post-thumbnail","hentry","category-actualidad","category-ambiente","category-las-colonias","category-locales"],"_links":{"self":[{"href":"https:\/\/www.almargenweb.com.ar\/web\/wp-json\/wp\/v2\/posts\/40868","targetHints":{"allow":["GET"]}}],"collection":[{"href":"https:\/\/www.almargenweb.com.ar\/web\/wp-json\/wp\/v2\/posts"}],"about":[{"href":"https:\/\/www.almargenweb.com.ar\/web\/wp-json\/wp\/v2\/types\/post"}],"author":[{"embeddable":true,"href":"https:\/\/www.almargenweb.com.ar\/web\/wp-json\/wp\/v2\/users\/16"}],"replies":[{"embeddable":true,"href":"https:\/\/www.almargenweb.com.ar\/web\/wp-json\/wp\/v2\/comments?post=40868"}],"version-history":[{"count":1,"href":"https:\/\/www.almargenweb.com.ar\/web\/wp-json\/wp\/v2\/posts\/40868\/revisions"}],"predecessor-version":[{"id":40872,"href":"https:\/\/www.almargenweb.com.ar\/web\/wp-json\/wp\/v2\/posts\/40868\/revisions\/40872"}],"wp:featuredmedia":[{"embeddable":true,"href":"https:\/\/www.almargenweb.com.ar\/web\/wp-json\/wp\/v2\/media\/40871"}],"wp:attachment":[{"href":"https:\/\/www.almargenweb.com.ar\/web\/wp-json\/wp\/v2\/media?parent=40868"}],"wp:term":[{"taxonomy":"category","embeddable":true,"href":"https:\/\/www.almargenweb.com.ar\/web\/wp-json\/wp\/v2\/categories?post=40868"},{"taxonomy":"post_tag","embeddable":true,"href":"https:\/\/www.almargenweb.com.ar\/web\/wp-json\/wp\/v2\/tags?post=40868"}],"curies":[{"name":"wp","href":"https:\/\/api.w.org\/{rel}","templated":true}]}}