{"id":40842,"date":"2023-10-03T11:07:40","date_gmt":"2023-10-03T14:07:40","guid":{"rendered":"http:\/\/www.almargenweb.com.ar\/web\/?p=40842"},"modified":"2023-10-03T11:09:21","modified_gmt":"2023-10-03T14:09:21","slug":"incomodidad-y-desconcierto-el-cobro-extra-en-las-consultas-medicas-rige-desde-ayer","status":"publish","type":"post","link":"https:\/\/www.almargenweb.com.ar\/web\/incomodidad-y-desconcierto-el-cobro-extra-en-las-consultas-medicas-rige-desde-ayer\/","title":{"rendered":"Incomodidad y desconcierto: el cobro extra en las consultas m\u00e9dicas rige desde ayer"},"content":{"rendered":"\n<p>La implementaci\u00f3n desde ayer de un cobro extra de la consulta por fuera de la cobertura, que seg\u00fan las prepagas es ilegal.<\/p>\n\n\n\n<p>Sin embargo, losprofesionales de la salud sostienen que es el \u00fanico camino para poder cobrar un m\u00ednimo de $6000 la prestaci\u00f3n y compensar el enorme deterioro de sus ingresos a causa de la inflaci\u00f3n y los magros aumentos.<\/p>\n\n\n\n<p>Alrededor de 50 sociedades cient\u00edficas y asociaciones profesionales que avalan el cobro de este bono no reintegrable. Desde las prepagas se\u00f1alaron que el paciente, ante esa situaci\u00f3n, deber\u00eda solicitar una factura por ese monto extra para luego pedir un reintegro en la empresa.<\/p>\n\n\n\n<p>De ese modo, advierten, la compa\u00f1\u00eda identificar\u00eda al m\u00e9dico que cobr\u00f3 ese monto por la prestaci\u00f3n y podr\u00eda desvincularlo de la cartilla por incumplir el contrato con la empresa.<\/p>\n\n\n\n<p>Por este motivo, lo m\u00e1s probable es que el paciente no reciba el reintegro.<\/p>\n<!-- AddThis Advanced Settings generic via filter on the_content --><!-- AddThis Share Buttons generic via filter on the_content -->","protected":false},"excerpt":{"rendered":"<p>La implementaci\u00f3n desde ayer de un cobro extra de la consulta por fuera de la cobertura, [&hellip;]<!-- AddThis Advanced Settings generic via filter on get_the_excerpt --><!-- AddThis Share Buttons generic via filter on get_the_excerpt --><\/p>\n","protected":false},"author":16,"featured_media":40846,"comment_status":"open","ping_status":"open","sticky":false,"template":"","format":"standard","meta":{"_seopress_robots_primary_cat":"none","_seopress_titles_title":"","_seopress_titles_desc":"","_seopress_robots_index":"","_themeisle_gutenberg_block_has_review":false,"footnotes":""},"categories":[2,164,15],"tags":[],"class_list":["post-40842","post","type-post","status-publish","format-standard","has-post-thumbnail","hentry","category-actualidad","category-ambiente","category-salud"],"_links":{"self":[{"href":"https:\/\/www.almargenweb.com.ar\/web\/wp-json\/wp\/v2\/posts\/40842","targetHints":{"allow":["GET"]}}],"collection":[{"href":"https:\/\/www.almargenweb.com.ar\/web\/wp-json\/wp\/v2\/posts"}],"about":[{"href":"https:\/\/www.almargenweb.com.ar\/web\/wp-json\/wp\/v2\/types\/post"}],"author":[{"embeddable":true,"href":"https:\/\/www.almargenweb.com.ar\/web\/wp-json\/wp\/v2\/users\/16"}],"replies":[{"embeddable":true,"href":"https:\/\/www.almargenweb.com.ar\/web\/wp-json\/wp\/v2\/comments?post=40842"}],"version-history":[{"count":1,"href":"https:\/\/www.almargenweb.com.ar\/web\/wp-json\/wp\/v2\/posts\/40842\/revisions"}],"predecessor-version":[{"id":40845,"href":"https:\/\/www.almargenweb.com.ar\/web\/wp-json\/wp\/v2\/posts\/40842\/revisions\/40845"}],"wp:featuredmedia":[{"embeddable":true,"href":"https:\/\/www.almargenweb.com.ar\/web\/wp-json\/wp\/v2\/media\/40846"}],"wp:attachment":[{"href":"https:\/\/www.almargenweb.com.ar\/web\/wp-json\/wp\/v2\/media?parent=40842"}],"wp:term":[{"taxonomy":"category","embeddable":true,"href":"https:\/\/www.almargenweb.com.ar\/web\/wp-json\/wp\/v2\/categories?post=40842"},{"taxonomy":"post_tag","embeddable":true,"href":"https:\/\/www.almargenweb.com.ar\/web\/wp-json\/wp\/v2\/tags?post=40842"}],"curies":[{"name":"wp","href":"https:\/\/api.w.org\/{rel}","templated":true}]}}