{"id":40816,"date":"2023-09-29T16:34:15","date_gmt":"2023-09-29T19:34:15","guid":{"rendered":"http:\/\/www.almargenweb.com.ar\/web\/?p=40816"},"modified":"2023-09-29T16:34:16","modified_gmt":"2023-09-29T19:34:16","slug":"donde-y-a-que-hora-ver-el-primer-debate-presidencial-centrado-en-economia-educacion-y-derechos-humanos","status":"publish","type":"post","link":"https:\/\/www.almargenweb.com.ar\/web\/donde-y-a-que-hora-ver-el-primer-debate-presidencial-centrado-en-economia-educacion-y-derechos-humanos\/","title":{"rendered":"\u00bfD\u00f3nde y a qu\u00e9 hora ver el primer debate presidencial centrado en Econom\u00eda, Educaci\u00f3n y Derechos Humanos?"},"content":{"rendered":"\n<p>El pr\u00f3ximo domingo se realizar\u00e1 el debate entre los cinco candidatos que buscan un lugar al frente del Poder Ejecutivo Nacional. <\/p>\n\n\n\n<p>Ser\u00e1 la primera instancia y se desarrollar\u00e1 en Santiago del Estero, desde las 21, con transmisi\u00f3n por todos los canales de televisi\u00f3n del pa\u00eds.<\/p>\n\n\n\n<p>All\u00ed se ver\u00e1n las caras Javier Milei (La Libertad Avanza), Patricia Bullrich (Juntos por el Cambio), Sergio Massa (Uni\u00f3n por la Patria), Juan Schiaretti (Hacemos por Nuestro Pa\u00eds) y Myriam Bregman (Frente de Izquierda y de Trabajadores-Unidad).<\/p>\n\n\n\n<p><\/p>\n<!-- AddThis Advanced Settings generic via filter on the_content --><!-- AddThis Share Buttons generic via filter on the_content -->","protected":false},"excerpt":{"rendered":"<p>El pr\u00f3ximo domingo se realizar\u00e1 el debate entre los cinco candidatos que buscan un lugar al [&hellip;]<!-- AddThis Advanced Settings generic via filter on get_the_excerpt --><!-- AddThis Share Buttons generic via filter on get_the_excerpt --><\/p>\n","protected":false},"author":16,"featured_media":40822,"comment_status":"open","ping_status":"open","sticky":false,"template":"","format":"standard","meta":{"_seopress_robots_primary_cat":"none","_seopress_titles_title":"","_seopress_titles_desc":"","_seopress_robots_index":"","_themeisle_gutenberg_block_has_review":false,"footnotes":""},"categories":[2,164,9],"tags":[],"class_list":["post-40816","post","type-post","status-publish","format-standard","has-post-thumbnail","hentry","category-actualidad","category-ambiente","category-politica"],"_links":{"self":[{"href":"https:\/\/www.almargenweb.com.ar\/web\/wp-json\/wp\/v2\/posts\/40816","targetHints":{"allow":["GET"]}}],"collection":[{"href":"https:\/\/www.almargenweb.com.ar\/web\/wp-json\/wp\/v2\/posts"}],"about":[{"href":"https:\/\/www.almargenweb.com.ar\/web\/wp-json\/wp\/v2\/types\/post"}],"author":[{"embeddable":true,"href":"https:\/\/www.almargenweb.com.ar\/web\/wp-json\/wp\/v2\/users\/16"}],"replies":[{"embeddable":true,"href":"https:\/\/www.almargenweb.com.ar\/web\/wp-json\/wp\/v2\/comments?post=40816"}],"version-history":[{"count":1,"href":"https:\/\/www.almargenweb.com.ar\/web\/wp-json\/wp\/v2\/posts\/40816\/revisions"}],"predecessor-version":[{"id":40823,"href":"https:\/\/www.almargenweb.com.ar\/web\/wp-json\/wp\/v2\/posts\/40816\/revisions\/40823"}],"wp:featuredmedia":[{"embeddable":true,"href":"https:\/\/www.almargenweb.com.ar\/web\/wp-json\/wp\/v2\/media\/40822"}],"wp:attachment":[{"href":"https:\/\/www.almargenweb.com.ar\/web\/wp-json\/wp\/v2\/media?parent=40816"}],"wp:term":[{"taxonomy":"category","embeddable":true,"href":"https:\/\/www.almargenweb.com.ar\/web\/wp-json\/wp\/v2\/categories?post=40816"},{"taxonomy":"post_tag","embeddable":true,"href":"https:\/\/www.almargenweb.com.ar\/web\/wp-json\/wp\/v2\/tags?post=40816"}],"curies":[{"name":"wp","href":"https:\/\/api.w.org\/{rel}","templated":true}]}}