{"id":40791,"date":"2023-09-27T11:33:13","date_gmt":"2023-09-27T14:33:13","guid":{"rendered":"http:\/\/www.almargenweb.com.ar\/web\/?p=40791"},"modified":"2023-09-27T11:33:15","modified_gmt":"2023-09-27T14:33:15","slug":"crisis-climatica-finaliza-uno-de-los-septiembre-menos-lluvioso-de-los-ultimos-34-anos","status":"publish","type":"post","link":"https:\/\/www.almargenweb.com.ar\/web\/crisis-climatica-finaliza-uno-de-los-septiembre-menos-lluvioso-de-los-ultimos-34-anos\/","title":{"rendered":"Crisis clim\u00e1tica: finaliza uno de los septiembre menos lluvioso de los \u00faltimos 34 a\u00f1os"},"content":{"rendered":"\n<p>Este mes de septiembre ser\u00e1 el tercero menos lluvioso de los \u00faltimos 34 a\u00f1os, seg\u00fan el Centro de Informaciones Meteorol\u00f3gicas de la FICH-UNL.<\/p>\n\n\n\n<p>El observador meteorol\u00f3gico, Ing. Ignacio Cristina, dijo esta ma\u00f1ana por LT9 que la Facultad de Ingenier\u00eda de Ciencias H\u00eddricas realiza estad\u00edsticas desde el a\u00f1o 1989 y dio algunos detalles de las escasas precipitaciones registradas en el noveno mes del a\u00f1o.<\/p>\n\n\n\n<p>El acumulado en este septiembre es de 4,5 mil\u00edmetros (mm), registrados en un solo d\u00eda, que fue el pasado domingo 3 de septiembre.<\/p>\n\n\n\n<p> La precipitaci\u00f3n media mensual de los \u00faltimos 10 a\u00f1os es de 44,23 mm, y la cantidad de d\u00edas medios con precipitaci\u00f3n son 6.<\/p>\n\n\n\n<p>Esta marca supera unicamente al a\u00f1o 1994, cuando llovi\u00f3 a penas 4,25 mm y septiembre el 1989, en el cual no se registraron lluvias. <\/p>\n\n\n\n<p>Despu\u00e9s hubo precipitaciones por debajo de los 10 mil\u00edmetros mensuales en 1993 con 7,4 mm, septiembre de 2006 con 8,4 mm y septiembre de 1990 con 9,8 mm.<\/p>\n<!-- AddThis Advanced Settings generic via filter on the_content --><!-- AddThis Share Buttons generic via filter on the_content -->","protected":false},"excerpt":{"rendered":"<p>Este mes de septiembre ser\u00e1 el tercero menos lluvioso de los \u00faltimos 34 a\u00f1os, seg\u00fan el [&hellip;]<!-- AddThis Advanced Settings generic via filter on get_the_excerpt --><!-- AddThis Share Buttons generic via filter on get_the_excerpt --><\/p>\n","protected":false},"author":16,"featured_media":40794,"comment_status":"open","ping_status":"open","sticky":false,"template":"","format":"standard","meta":{"_seopress_robots_primary_cat":"none","_seopress_titles_title":"","_seopress_titles_desc":"","_seopress_robots_index":"","_themeisle_gutenberg_block_has_review":false,"footnotes":""},"categories":[2,164],"tags":[],"class_list":["post-40791","post","type-post","status-publish","format-standard","has-post-thumbnail","hentry","category-actualidad","category-ambiente"],"_links":{"self":[{"href":"https:\/\/www.almargenweb.com.ar\/web\/wp-json\/wp\/v2\/posts\/40791","targetHints":{"allow":["GET"]}}],"collection":[{"href":"https:\/\/www.almargenweb.com.ar\/web\/wp-json\/wp\/v2\/posts"}],"about":[{"href":"https:\/\/www.almargenweb.com.ar\/web\/wp-json\/wp\/v2\/types\/post"}],"author":[{"embeddable":true,"href":"https:\/\/www.almargenweb.com.ar\/web\/wp-json\/wp\/v2\/users\/16"}],"replies":[{"embeddable":true,"href":"https:\/\/www.almargenweb.com.ar\/web\/wp-json\/wp\/v2\/comments?post=40791"}],"version-history":[{"count":1,"href":"https:\/\/www.almargenweb.com.ar\/web\/wp-json\/wp\/v2\/posts\/40791\/revisions"}],"predecessor-version":[{"id":40795,"href":"https:\/\/www.almargenweb.com.ar\/web\/wp-json\/wp\/v2\/posts\/40791\/revisions\/40795"}],"wp:featuredmedia":[{"embeddable":true,"href":"https:\/\/www.almargenweb.com.ar\/web\/wp-json\/wp\/v2\/media\/40794"}],"wp:attachment":[{"href":"https:\/\/www.almargenweb.com.ar\/web\/wp-json\/wp\/v2\/media?parent=40791"}],"wp:term":[{"taxonomy":"category","embeddable":true,"href":"https:\/\/www.almargenweb.com.ar\/web\/wp-json\/wp\/v2\/categories?post=40791"},{"taxonomy":"post_tag","embeddable":true,"href":"https:\/\/www.almargenweb.com.ar\/web\/wp-json\/wp\/v2\/tags?post=40791"}],"curies":[{"name":"wp","href":"https:\/\/api.w.org\/{rel}","templated":true}]}}