{"id":40783,"date":"2023-09-27T10:07:05","date_gmt":"2023-09-27T13:07:05","guid":{"rendered":"http:\/\/www.almargenweb.com.ar\/web\/?p=40783"},"modified":"2023-09-27T10:07:06","modified_gmt":"2023-09-27T13:07:06","slug":"media-sancion-para-el-uso-de-luces-leds-en-las-rutas-santafesinas","status":"publish","type":"post","link":"https:\/\/www.almargenweb.com.ar\/web\/media-sancion-para-el-uso-de-luces-leds-en-las-rutas-santafesinas\/","title":{"rendered":"Media sanci\u00f3n para el uso de luces Leds en las rutas santafesinas"},"content":{"rendered":"\n<p>Los veh\u00edculos m\u00e1s modernos poseen luces de circulaci\u00f3n diurnas que sustituyen a la luz baja (y gastan menos energ\u00eda).<\/p>\n\n\n\n<p> La provincia est\u00e1 en v\u00edas de a\u00f1adir esa posibilidad que, de hecho, los inspectores de tr\u00e1nsito no persiguen en el mapa de la bota. El problema est\u00e1 cuando se cruza a C\u00f3rdoba.<\/p>\n\n\n\n<p>Desde el punto de vista t\u00e9cnico, cualquier veh\u00edculo equipado con el Sistema DRL Day Time Running Light es tan visible como aquel que circula con las tradicionales luces bajas.<\/p>\n\n\n\n<p>Con la decisi\u00f3n de los representantes de los 19 departamentos, ahora Santa Fe se encuentra camino de adaptar su legislaci\u00f3n a esa tecnolog\u00eda que, de hecho, los inspectores en general no persiguen dentro de los l\u00edmites del mapa de la bota. <\/p>\n\n\n\n<p>Los problemas para quienes se acostumbran a no encender la luz baja y circular solo con los Leds previstos por el fabricante est\u00e1n, por ejemplo, al circular por las rutas en la provincia de C\u00f3rdoba. (Las multas van de los $23.480 a $46.960).<\/p>\n<!-- AddThis Advanced Settings generic via filter on the_content --><!-- AddThis Share Buttons generic via filter on the_content -->","protected":false},"excerpt":{"rendered":"<p>Los veh\u00edculos m\u00e1s modernos poseen luces de circulaci\u00f3n diurnas que sustituyen a la luz baja (y [&hellip;]<!-- AddThis Advanced Settings generic via filter on get_the_excerpt --><!-- AddThis Share Buttons generic via filter on get_the_excerpt --><\/p>\n","protected":false},"author":16,"featured_media":40786,"comment_status":"open","ping_status":"open","sticky":false,"template":"","format":"standard","meta":{"_seopress_robots_primary_cat":"none","_seopress_titles_title":"","_seopress_titles_desc":"","_seopress_robots_index":"","_themeisle_gutenberg_block_has_review":false,"footnotes":""},"categories":[2,164,24,317],"tags":[],"class_list":["post-40783","post","type-post","status-publish","format-standard","has-post-thumbnail","hentry","category-actualidad","category-ambiente","category-obras-publicas","category-transporte"],"_links":{"self":[{"href":"https:\/\/www.almargenweb.com.ar\/web\/wp-json\/wp\/v2\/posts\/40783","targetHints":{"allow":["GET"]}}],"collection":[{"href":"https:\/\/www.almargenweb.com.ar\/web\/wp-json\/wp\/v2\/posts"}],"about":[{"href":"https:\/\/www.almargenweb.com.ar\/web\/wp-json\/wp\/v2\/types\/post"}],"author":[{"embeddable":true,"href":"https:\/\/www.almargenweb.com.ar\/web\/wp-json\/wp\/v2\/users\/16"}],"replies":[{"embeddable":true,"href":"https:\/\/www.almargenweb.com.ar\/web\/wp-json\/wp\/v2\/comments?post=40783"}],"version-history":[{"count":1,"href":"https:\/\/www.almargenweb.com.ar\/web\/wp-json\/wp\/v2\/posts\/40783\/revisions"}],"predecessor-version":[{"id":40787,"href":"https:\/\/www.almargenweb.com.ar\/web\/wp-json\/wp\/v2\/posts\/40783\/revisions\/40787"}],"wp:featuredmedia":[{"embeddable":true,"href":"https:\/\/www.almargenweb.com.ar\/web\/wp-json\/wp\/v2\/media\/40786"}],"wp:attachment":[{"href":"https:\/\/www.almargenweb.com.ar\/web\/wp-json\/wp\/v2\/media?parent=40783"}],"wp:term":[{"taxonomy":"category","embeddable":true,"href":"https:\/\/www.almargenweb.com.ar\/web\/wp-json\/wp\/v2\/categories?post=40783"},{"taxonomy":"post_tag","embeddable":true,"href":"https:\/\/www.almargenweb.com.ar\/web\/wp-json\/wp\/v2\/tags?post=40783"}],"curies":[{"name":"wp","href":"https:\/\/api.w.org\/{rel}","templated":true}]}}