{"id":40778,"date":"2023-09-27T10:00:51","date_gmt":"2023-09-27T13:00:51","guid":{"rendered":"http:\/\/www.almargenweb.com.ar\/web\/?p=40778"},"modified":"2023-09-27T10:00:52","modified_gmt":"2023-09-27T13:00:52","slug":"formacion-apicola-la-escuela-granja-ofrece-curso-inicial-para-operadores-apicolas","status":"publish","type":"post","link":"https:\/\/www.almargenweb.com.ar\/web\/formacion-apicola-la-escuela-granja-ofrece-curso-inicial-para-operadores-apicolas\/","title":{"rendered":"Formaci\u00f3n ap\u00edcola: La Escuela Granja ofrece Curso Inicial para Operadores Ap\u00edcolas"},"content":{"rendered":"\n<p>Organizado en el marco del Plan Ap\u00edcola Santafesino por el Ministerio de Producci\u00f3n, Ciencia y Tecnolog\u00eda de Santa Fe, en articulaci\u00f3n con la Escuela de Agricultura, Ganader\u00eda y Granja de la Universidad Nacional del Litoral, se desarrollar\u00e1 el curso de Operador ap\u00edcola inicial.<\/p>\n\n\n\n<p>El objetivo es formar operarios con el conocimiento te\u00f3rico y pr\u00e1ctico necesario para integrar el circuito de producci\u00f3n primaria y agregado de valor, promoviendo el arraigo local y el bienestar socioambiental, econ\u00f3mico y productivo.<\/p>\n\n\n\n<p>La capacitaci\u00f3n es gratuita y est\u00e1 destinada a emprendedores interesados en la actividad ap\u00edcola, prioritariamente j\u00f3venes adultos de entre 16 y 35 a\u00f1os.<\/p>\n\n\n\n<p>El curso se desarrollar\u00e1 los d\u00edas viernes, del 6 al 27 de octubre, de 14:00 a 19:00 hs. en las instalaciones de la Escuela Granja de nuestra ciudad.<\/p>\n\n\n\n<p>El cupo es limitado.<\/p>\n\n\n\n<p>Las inscripciones est\u00e1n abiertas y pueden registrarse en el siguiente formulario: <a href=\"https:\/\/forms.gle\/xNSgxws1aTkrBAtY8\" target=\"_blank\" rel=\"noreferrer noopener\">https:\/\/forms.gle\/xNSgxws1aTkrBAtY8<\/a><\/p>\n\n\n\n<p>Por consultas, los interesados pueden escribir a vinculacion.eagg@fca.unl.edu.ar<\/p>\n<!-- AddThis Advanced Settings generic via filter on the_content --><!-- AddThis Share Buttons generic via filter on the_content -->","protected":false},"excerpt":{"rendered":"<p>Organizado en el marco del Plan Ap\u00edcola Santafesino por el Ministerio de Producci\u00f3n, Ciencia y Tecnolog\u00eda [&hellip;]<!-- AddThis Advanced Settings generic via filter on get_the_excerpt --><!-- AddThis Share Buttons generic via filter on get_the_excerpt --><\/p>\n","protected":false},"author":16,"featured_media":40781,"comment_status":"open","ping_status":"open","sticky":false,"template":"","format":"standard","meta":{"_seopress_robots_primary_cat":"none","_seopress_titles_title":"","_seopress_titles_desc":"","_seopress_robots_index":"","_themeisle_gutenberg_block_has_review":false,"footnotes":""},"categories":[2,164,19,47],"tags":[],"class_list":["post-40778","post","type-post","status-publish","format-standard","has-post-thumbnail","hentry","category-actualidad","category-ambiente","category-educacion","category-locales"],"_links":{"self":[{"href":"https:\/\/www.almargenweb.com.ar\/web\/wp-json\/wp\/v2\/posts\/40778","targetHints":{"allow":["GET"]}}],"collection":[{"href":"https:\/\/www.almargenweb.com.ar\/web\/wp-json\/wp\/v2\/posts"}],"about":[{"href":"https:\/\/www.almargenweb.com.ar\/web\/wp-json\/wp\/v2\/types\/post"}],"author":[{"embeddable":true,"href":"https:\/\/www.almargenweb.com.ar\/web\/wp-json\/wp\/v2\/users\/16"}],"replies":[{"embeddable":true,"href":"https:\/\/www.almargenweb.com.ar\/web\/wp-json\/wp\/v2\/comments?post=40778"}],"version-history":[{"count":1,"href":"https:\/\/www.almargenweb.com.ar\/web\/wp-json\/wp\/v2\/posts\/40778\/revisions"}],"predecessor-version":[{"id":40782,"href":"https:\/\/www.almargenweb.com.ar\/web\/wp-json\/wp\/v2\/posts\/40778\/revisions\/40782"}],"wp:featuredmedia":[{"embeddable":true,"href":"https:\/\/www.almargenweb.com.ar\/web\/wp-json\/wp\/v2\/media\/40781"}],"wp:attachment":[{"href":"https:\/\/www.almargenweb.com.ar\/web\/wp-json\/wp\/v2\/media?parent=40778"}],"wp:term":[{"taxonomy":"category","embeddable":true,"href":"https:\/\/www.almargenweb.com.ar\/web\/wp-json\/wp\/v2\/categories?post=40778"},{"taxonomy":"post_tag","embeddable":true,"href":"https:\/\/www.almargenweb.com.ar\/web\/wp-json\/wp\/v2\/tags?post=40778"}],"curies":[{"name":"wp","href":"https:\/\/api.w.org\/{rel}","templated":true}]}}