{"id":40773,"date":"2023-09-27T09:40:13","date_gmt":"2023-09-27T12:40:13","guid":{"rendered":"http:\/\/www.almargenweb.com.ar\/web\/?p=40773"},"modified":"2023-09-27T09:40:14","modified_gmt":"2023-09-27T12:40:14","slug":"encuentro-clave-cicae-da-la-bienvenida-al-intendente-electo-de-esperanza","status":"publish","type":"post","link":"https:\/\/www.almargenweb.com.ar\/web\/encuentro-clave-cicae-da-la-bienvenida-al-intendente-electo-de-esperanza\/","title":{"rendered":"Encuentro clave: CICAE da la bienvenida al intendente electo de Esperanza"},"content":{"rendered":"\n<p>En un encuentro significativo que tuvo lugar el mi\u00e9rcoles de la semana pasada, la Comisi\u00f3n Directiva del Centro de Industria, Comercio y Afincados de Esperanza (CICAE) abri\u00f3 sus puertas para dar la bienvenida a Rodrigo M\u00fcller, recientemente electo como Intendente de la ciudad.<\/p>\n\n\n\n<p>M\u00fcller estuvo acompa\u00f1ado por la diputada provincial, Jimena Senn, y el dirigente Andr\u00e9s Gren\u00f3n.<\/p>\n\n\n\n<p> La reuni\u00f3n, que forma parte de las actividades mensuales de la comisi\u00f3n, se destac\u00f3 por su objetivo central: presentar la instituci\u00f3n al futuro l\u00edder de la ciudad y establecer las bases para una estrecha colaboraci\u00f3n en el futuro.<\/p>\n\n\n\n<p>El encuentro fue una oportunidad para que el CICAE se presentara ante el intendente electo, destacando su importancia en el tejido econ\u00f3mico y social de Esperanza.<\/p>\n\n\n\n<p>Adem\u00e1s de presentar la propia instituci\u00f3n, se destacaron las otras organizaciones que el CICAE ha fundado y apoyado a lo largo de los a\u00f1os, arrojando luz sobre su importante papel en el desarrollo de Esperanza y el Departamento Las Colonias.<\/p>\n\n\n\n<p>Por \u00faltimo, se destac\u00f3 el Instituto Tecnol\u00f3gico El Molino (ITEC El Molino), resaltando los esfuerzos actuales que se est\u00e1n realizando en esta instituci\u00f3n educativa. <\/p>\n\n\n\n<p>La importancia de la formaci\u00f3n y la capacitaci\u00f3n en el contexto econ\u00f3mico actual se enfatiz\u00f3, as\u00ed como la contribuci\u00f3n de ITEC El Molino a la formaci\u00f3n de profesionales y t\u00e9cnicos altamente calificados para satisfacer las demandas de la industria local.<\/p>\n\n\n\n<p><\/p>\n<!-- AddThis Advanced Settings generic via filter on the_content --><!-- AddThis Share Buttons generic via filter on the_content -->","protected":false},"excerpt":{"rendered":"<p>En un encuentro significativo que tuvo lugar el mi\u00e9rcoles de la semana pasada, la Comisi\u00f3n Directiva [&hellip;]<!-- AddThis Advanced Settings generic via filter on get_the_excerpt --><!-- AddThis Share Buttons generic via filter on get_the_excerpt --><\/p>\n","protected":false},"author":16,"featured_media":40776,"comment_status":"open","ping_status":"open","sticky":false,"template":"","format":"standard","meta":{"_seopress_robots_primary_cat":"none","_seopress_titles_title":"","_seopress_titles_desc":"","_seopress_robots_index":"","_themeisle_gutenberg_block_has_review":false,"footnotes":""},"categories":[2,164,21,47],"tags":[],"class_list":["post-40773","post","type-post","status-publish","format-standard","has-post-thumbnail","hentry","category-actualidad","category-ambiente","category-las-colonias","category-locales"],"_links":{"self":[{"href":"https:\/\/www.almargenweb.com.ar\/web\/wp-json\/wp\/v2\/posts\/40773","targetHints":{"allow":["GET"]}}],"collection":[{"href":"https:\/\/www.almargenweb.com.ar\/web\/wp-json\/wp\/v2\/posts"}],"about":[{"href":"https:\/\/www.almargenweb.com.ar\/web\/wp-json\/wp\/v2\/types\/post"}],"author":[{"embeddable":true,"href":"https:\/\/www.almargenweb.com.ar\/web\/wp-json\/wp\/v2\/users\/16"}],"replies":[{"embeddable":true,"href":"https:\/\/www.almargenweb.com.ar\/web\/wp-json\/wp\/v2\/comments?post=40773"}],"version-history":[{"count":1,"href":"https:\/\/www.almargenweb.com.ar\/web\/wp-json\/wp\/v2\/posts\/40773\/revisions"}],"predecessor-version":[{"id":40777,"href":"https:\/\/www.almargenweb.com.ar\/web\/wp-json\/wp\/v2\/posts\/40773\/revisions\/40777"}],"wp:featuredmedia":[{"embeddable":true,"href":"https:\/\/www.almargenweb.com.ar\/web\/wp-json\/wp\/v2\/media\/40776"}],"wp:attachment":[{"href":"https:\/\/www.almargenweb.com.ar\/web\/wp-json\/wp\/v2\/media?parent=40773"}],"wp:term":[{"taxonomy":"category","embeddable":true,"href":"https:\/\/www.almargenweb.com.ar\/web\/wp-json\/wp\/v2\/categories?post=40773"},{"taxonomy":"post_tag","embeddable":true,"href":"https:\/\/www.almargenweb.com.ar\/web\/wp-json\/wp\/v2\/tags?post=40773"}],"curies":[{"name":"wp","href":"https:\/\/api.w.org\/{rel}","templated":true}]}}