{"id":40750,"date":"2023-09-25T10:57:56","date_gmt":"2023-09-25T13:57:56","guid":{"rendered":"http:\/\/www.almargenweb.com.ar\/web\/?p=40750"},"modified":"2023-09-25T10:57:57","modified_gmt":"2023-09-25T13:57:57","slug":"radiografia-politica-cuantas-provincias-estara-gobernando-la-ucr-a-partir-del-10-de-diciembre","status":"publish","type":"post","link":"https:\/\/www.almargenweb.com.ar\/web\/radiografia-politica-cuantas-provincias-estara-gobernando-la-ucr-a-partir-del-10-de-diciembre\/","title":{"rendered":"Radiograf\u00eda Pol\u00edtica: \u00bfCu\u00e1ntas provincias estar\u00e1 gobernando la UCR a partir del 10 de diciembre?"},"content":{"rendered":"\n<p>El reciente triunfo de Alfredo Cornejo en Mendoza termina de moldear un nuevo escenario para la Uni\u00f3n C\u00edvica Radical (UCR) de cara a su futuro y su vocaci\u00f3n de poder presidencial.<\/p>\n\n\n\n<p>El centenario partido gobernar\u00e1 desde el 10 de diciembre en cinco provincias, n\u00famero que lo deja bien posicionado en el mapa electoral nacional. <\/p>\n\n\n\n<p>El primero en retener un territorio provincial en este s\u00faper a\u00f1o electoral fue Carlos Sadir, en Jujuy. Se trata del delf\u00edn de Gerardo Morales, mandatario saliente.<\/p>\n\n\n\n<p>El segundo fue el correntino Gustavo Vald\u00e9s, que fue reelecto hace casi un mes y se erige como uno de los posibles nuevos l\u00edderes de la UCR a nivel nacional. <\/p>\n\n\n\n<p>El tercer triunfo vino de la mano de Maximiliano Pullaro, en Santa Fe. Fue m\u00e1s que una sorpresa, al tratarse de un territorio dominado por el peronismo.<\/p>\n\n\n\n<p>La cuarta victoria la consigui\u00f3 Leandro Zdero, en Chaco, que desplaz\u00f3 del cargo al peronista Jorge Capitanich. <\/p>\n\n\n\n<p>Cornejo le puso el broche de oro a la seguidilla de victorias del radicalismo en el interior, que tambi\u00e9n estuvo a poco m\u00e1s de 20 mil votos de imponerse en la interna de JxC en la ciudad de Buenos Aires con Mart\u00edn Lousteau.<\/p>\n\n\n\n<p><\/p>\n<!-- AddThis Advanced Settings generic via filter on the_content --><!-- AddThis Share Buttons generic via filter on the_content -->","protected":false},"excerpt":{"rendered":"<p>El reciente triunfo de Alfredo Cornejo en Mendoza termina de moldear un nuevo escenario para la [&hellip;]<!-- AddThis Advanced Settings generic via filter on get_the_excerpt --><!-- AddThis Share Buttons generic via filter on get_the_excerpt --><\/p>\n","protected":false},"author":16,"featured_media":40753,"comment_status":"open","ping_status":"open","sticky":false,"template":"","format":"standard","meta":{"_seopress_robots_primary_cat":"none","_seopress_titles_title":"","_seopress_titles_desc":"","_seopress_robots_index":"","_themeisle_gutenberg_block_has_review":false,"footnotes":""},"categories":[2,164,9],"tags":[],"class_list":["post-40750","post","type-post","status-publish","format-standard","has-post-thumbnail","hentry","category-actualidad","category-ambiente","category-politica"],"_links":{"self":[{"href":"https:\/\/www.almargenweb.com.ar\/web\/wp-json\/wp\/v2\/posts\/40750","targetHints":{"allow":["GET"]}}],"collection":[{"href":"https:\/\/www.almargenweb.com.ar\/web\/wp-json\/wp\/v2\/posts"}],"about":[{"href":"https:\/\/www.almargenweb.com.ar\/web\/wp-json\/wp\/v2\/types\/post"}],"author":[{"embeddable":true,"href":"https:\/\/www.almargenweb.com.ar\/web\/wp-json\/wp\/v2\/users\/16"}],"replies":[{"embeddable":true,"href":"https:\/\/www.almargenweb.com.ar\/web\/wp-json\/wp\/v2\/comments?post=40750"}],"version-history":[{"count":1,"href":"https:\/\/www.almargenweb.com.ar\/web\/wp-json\/wp\/v2\/posts\/40750\/revisions"}],"predecessor-version":[{"id":40754,"href":"https:\/\/www.almargenweb.com.ar\/web\/wp-json\/wp\/v2\/posts\/40750\/revisions\/40754"}],"wp:featuredmedia":[{"embeddable":true,"href":"https:\/\/www.almargenweb.com.ar\/web\/wp-json\/wp\/v2\/media\/40753"}],"wp:attachment":[{"href":"https:\/\/www.almargenweb.com.ar\/web\/wp-json\/wp\/v2\/media?parent=40750"}],"wp:term":[{"taxonomy":"category","embeddable":true,"href":"https:\/\/www.almargenweb.com.ar\/web\/wp-json\/wp\/v2\/categories?post=40750"},{"taxonomy":"post_tag","embeddable":true,"href":"https:\/\/www.almargenweb.com.ar\/web\/wp-json\/wp\/v2\/tags?post=40750"}],"curies":[{"name":"wp","href":"https:\/\/api.w.org\/{rel}","templated":true}]}}