{"id":40740,"date":"2023-09-23T10:43:47","date_gmt":"2023-09-23T13:43:47","guid":{"rendered":"http:\/\/www.almargenweb.com.ar\/web\/?p=40740"},"modified":"2023-09-23T10:43:48","modified_gmt":"2023-09-23T13:43:48","slug":"ingreso-universitario-2024-llega-una-nueva-edicion-de-la-expocarreras","status":"publish","type":"post","link":"https:\/\/www.almargenweb.com.ar\/web\/ingreso-universitario-2024-llega-una-nueva-edicion-de-la-expocarreras\/","title":{"rendered":"Ingreso universitario 2024: Llega una nueva edici\u00f3n de la Expocarreras"},"content":{"rendered":"\n<p>Una nueva edici\u00f3n de la Expocarreras de la Universidad Nacional del Litoral se desarrollar\u00e1 de manera presencial del 27 al 30 de septiembre en la Estaci\u00f3n Belgrano.<\/p>\n\n\n\n<p>Con entrada libre y gratuita, el mi\u00e9rcoles al viernes el horario ser\u00e1 de 9 a 17; en tanto que el s\u00e1bado se extender\u00e1 de 9 a 12. Adem\u00e1s de los stands que dan cuenta de toda la propuesta acad\u00e9mica y vida universitaria de UNL y de las instituciones educativas de la regi\u00f3n, la Expocarreras ofrecer\u00e1 una amplia agenda presencial y a distancia.<\/p>\n\n\n\n<p>La Expocarreras abrir\u00e1 sus puertas con el objetivo de brindar a j\u00f3venes y a la poblaci\u00f3n en general la posibilidad de acceder a toda la oferta educativa de nuestra regi\u00f3n. Adem\u00e1s, habr\u00e1 charlas, talleres, conferencias, visitas guiadas y transmisiones que se concretar\u00e1n tanto en el Centro de Convenciones ubicado en Bv. G\u00e1lvez 1150 como en la plataforma www.unl.edu.ar\/expocarreras, en redes sociales, Litus TV y LT10.<\/p>\n\n\n\n<p><\/p>\n<!-- AddThis Advanced Settings generic via filter on the_content --><!-- AddThis Share Buttons generic via filter on the_content -->","protected":false},"excerpt":{"rendered":"<p>Una nueva edici\u00f3n de la Expocarreras de la Universidad Nacional del Litoral se desarrollar\u00e1 de manera [&hellip;]<!-- AddThis Advanced Settings generic via filter on get_the_excerpt --><!-- AddThis Share Buttons generic via filter on get_the_excerpt --><\/p>\n","protected":false},"author":16,"featured_media":40743,"comment_status":"open","ping_status":"open","sticky":false,"template":"","format":"standard","meta":{"_seopress_robots_primary_cat":"none","_seopress_titles_title":"","_seopress_titles_desc":"","_seopress_robots_index":"","_themeisle_gutenberg_block_has_review":false,"footnotes":""},"categories":[2,164,19],"tags":[],"class_list":["post-40740","post","type-post","status-publish","format-standard","has-post-thumbnail","hentry","category-actualidad","category-ambiente","category-educacion"],"_links":{"self":[{"href":"https:\/\/www.almargenweb.com.ar\/web\/wp-json\/wp\/v2\/posts\/40740","targetHints":{"allow":["GET"]}}],"collection":[{"href":"https:\/\/www.almargenweb.com.ar\/web\/wp-json\/wp\/v2\/posts"}],"about":[{"href":"https:\/\/www.almargenweb.com.ar\/web\/wp-json\/wp\/v2\/types\/post"}],"author":[{"embeddable":true,"href":"https:\/\/www.almargenweb.com.ar\/web\/wp-json\/wp\/v2\/users\/16"}],"replies":[{"embeddable":true,"href":"https:\/\/www.almargenweb.com.ar\/web\/wp-json\/wp\/v2\/comments?post=40740"}],"version-history":[{"count":1,"href":"https:\/\/www.almargenweb.com.ar\/web\/wp-json\/wp\/v2\/posts\/40740\/revisions"}],"predecessor-version":[{"id":40744,"href":"https:\/\/www.almargenweb.com.ar\/web\/wp-json\/wp\/v2\/posts\/40740\/revisions\/40744"}],"wp:featuredmedia":[{"embeddable":true,"href":"https:\/\/www.almargenweb.com.ar\/web\/wp-json\/wp\/v2\/media\/40743"}],"wp:attachment":[{"href":"https:\/\/www.almargenweb.com.ar\/web\/wp-json\/wp\/v2\/media?parent=40740"}],"wp:term":[{"taxonomy":"category","embeddable":true,"href":"https:\/\/www.almargenweb.com.ar\/web\/wp-json\/wp\/v2\/categories?post=40740"},{"taxonomy":"post_tag","embeddable":true,"href":"https:\/\/www.almargenweb.com.ar\/web\/wp-json\/wp\/v2\/tags?post=40740"}],"curies":[{"name":"wp","href":"https:\/\/api.w.org\/{rel}","templated":true}]}}