{"id":40730,"date":"2023-09-22T16:36:03","date_gmt":"2023-09-22T19:36:03","guid":{"rendered":"http:\/\/www.almargenweb.com.ar\/web\/?p=40730"},"modified":"2023-09-22T16:36:04","modified_gmt":"2023-09-22T19:36:04","slug":"santotomesino-debuta-en-el-octagono-el-indio-de-lucca-es-la-nueva-estrella-en-el-ufc-de-america-latina","status":"publish","type":"post","link":"https:\/\/www.almargenweb.com.ar\/web\/santotomesino-debuta-en-el-octagono-el-indio-de-lucca-es-la-nueva-estrella-en-el-ufc-de-america-latina\/","title":{"rendered":"Santotomesino debuta en el Oct\u00e1gono: el \u201cIndio\u201d De Lucca es la nueva estrella en el UFC de Am\u00e9rica Latina"},"content":{"rendered":"\n<p>Tom\u00e1s \u201cEl Indio\u201d De Lucca es el santotomesino que combatir\u00e1 con Cristian \u201cEl Bastardo\u201d Pastore, un rankeado en el top 5 de esa categor\u00eda y la pelea fue ubicada dentro de las estelares, o sea las \u00faltimas tres a las que se le llama el &#8220;main card&#8221;.<\/p>\n\n\n\n<p> Se trata de una franquicia de todo Am\u00e9rica y la m\u00e1s grande de Am\u00e9rica Latina en lo que son los deportes de contacto en ring (al estilo UFC en el oct\u00e1gono).<\/p>\n\n\n\n<p>Estos combates, incluido el del santotomesino, ser\u00e1n trasmitidos este viernes por Direct TV por DSsportfigth a partir de las 21.30.<\/p>\n\n\n\n<p><\/p>\n<!-- AddThis Advanced Settings generic via filter on the_content --><!-- AddThis Share Buttons generic via filter on the_content -->","protected":false},"excerpt":{"rendered":"<p>Tom\u00e1s \u201cEl Indio\u201d De Lucca es el santotomesino que combatir\u00e1 con Cristian \u201cEl Bastardo\u201d Pastore, un [&hellip;]<!-- AddThis Advanced Settings generic via filter on get_the_excerpt --><!-- AddThis Share Buttons generic via filter on get_the_excerpt --><\/p>\n","protected":false},"author":16,"featured_media":40733,"comment_status":"open","ping_status":"open","sticky":false,"template":"","format":"standard","meta":{"_seopress_robots_primary_cat":"none","_seopress_titles_title":"","_seopress_titles_desc":"","_seopress_robots_index":"","_themeisle_gutenberg_block_has_review":false,"footnotes":""},"categories":[2,230],"tags":[],"class_list":["post-40730","post","type-post","status-publish","format-standard","has-post-thumbnail","hentry","category-actualidad","category-deportes"],"_links":{"self":[{"href":"https:\/\/www.almargenweb.com.ar\/web\/wp-json\/wp\/v2\/posts\/40730","targetHints":{"allow":["GET"]}}],"collection":[{"href":"https:\/\/www.almargenweb.com.ar\/web\/wp-json\/wp\/v2\/posts"}],"about":[{"href":"https:\/\/www.almargenweb.com.ar\/web\/wp-json\/wp\/v2\/types\/post"}],"author":[{"embeddable":true,"href":"https:\/\/www.almargenweb.com.ar\/web\/wp-json\/wp\/v2\/users\/16"}],"replies":[{"embeddable":true,"href":"https:\/\/www.almargenweb.com.ar\/web\/wp-json\/wp\/v2\/comments?post=40730"}],"version-history":[{"count":1,"href":"https:\/\/www.almargenweb.com.ar\/web\/wp-json\/wp\/v2\/posts\/40730\/revisions"}],"predecessor-version":[{"id":40734,"href":"https:\/\/www.almargenweb.com.ar\/web\/wp-json\/wp\/v2\/posts\/40730\/revisions\/40734"}],"wp:featuredmedia":[{"embeddable":true,"href":"https:\/\/www.almargenweb.com.ar\/web\/wp-json\/wp\/v2\/media\/40733"}],"wp:attachment":[{"href":"https:\/\/www.almargenweb.com.ar\/web\/wp-json\/wp\/v2\/media?parent=40730"}],"wp:term":[{"taxonomy":"category","embeddable":true,"href":"https:\/\/www.almargenweb.com.ar\/web\/wp-json\/wp\/v2\/categories?post=40730"},{"taxonomy":"post_tag","embeddable":true,"href":"https:\/\/www.almargenweb.com.ar\/web\/wp-json\/wp\/v2\/tags?post=40730"}],"curies":[{"name":"wp","href":"https:\/\/api.w.org\/{rel}","templated":true}]}}