{"id":40725,"date":"2023-09-22T15:05:32","date_gmt":"2023-09-22T18:05:32","guid":{"rendered":"http:\/\/www.almargenweb.com.ar\/web\/?p=40725"},"modified":"2023-09-22T15:05:33","modified_gmt":"2023-09-22T18:05:33","slug":"michlig-el-proyecto-del-acueducto-interprovincial-santa-fe-cordoba-es-una-politica-de-estado","status":"publish","type":"post","link":"https:\/\/www.almargenweb.com.ar\/web\/michlig-el-proyecto-del-acueducto-interprovincial-santa-fe-cordoba-es-una-politica-de-estado\/","title":{"rendered":"Michlig: &#8216;El Proyecto del Acueducto Interprovincial Santa Fe \u2013 C\u00f3rdoba es una Pol\u00edtica de Estado&#8217;"},"content":{"rendered":"\n<p>En la sesi\u00f3n de la C\u00e1mara de Senadores de este jueves se otorg\u00f3 media sanci\u00f3n al Mensaje N\u00b0 5054 para autorizar al Poder Ejecutivo a endeudarse con el Fondo Saudita para el Desarrollo hasta la suma de Riales Saud\u00edes 187.500.000 (equivalente a 50 millones de d\u00f3lares), a los efectos de avanzar en la ejecuci\u00f3n del Proyecto \u201cAcueducto Interprovincial Santa Fe \u2013 C\u00f3rdoba, Obra: Etapa I Bloques B y C\u201d. El mismo fue girado a la C\u00e1mara de Diputados.<\/p>\n\n\n\n<p>El Senador Felipe Michlig destac\u00f3 el amplio consenso logrado por todos los bloques de \u201ceste senado que siempre est\u00e1 aportando herramientas para el desarrollo de la provincia y para mejorar la calidad de vida de los santafesinos, con mucha madurez pol\u00edtica\u201d.<\/p>\n\n\n\n<p>\u201cEste mega proyecto lo entendemos como una gran pol\u00edtica de Estado que se comenz\u00f3 en la gobernaci\u00f3n de Miguel Lifschitz y Juan Schiaretti, continuada en las presentes gestiones de ambas provincias y que continuaremos con mucha decisi\u00f3n en los pr\u00f3ximos gobiernos de Maxi Pullaro y de Mart\u00edn Llaryora&#8221;.<\/p>\n\n\n\n<p>De esta forma, &#8220;el agua potable lleguar\u00e1 r\u00e1pidamente a la mayor cantidad de localidades posible del centro \u2013 norte, para mejorar la calidad de vida de la poblaci\u00f3n\u201d.<\/p>\n<!-- AddThis Advanced Settings generic via filter on the_content --><!-- AddThis Share Buttons generic via filter on the_content -->","protected":false},"excerpt":{"rendered":"<p>En la sesi\u00f3n de la C\u00e1mara de Senadores de este jueves se otorg\u00f3 media sanci\u00f3n al [&hellip;]<!-- AddThis Advanced Settings generic via filter on get_the_excerpt --><!-- AddThis Share Buttons generic via filter on get_the_excerpt --><\/p>\n","protected":false},"author":16,"featured_media":40728,"comment_status":"open","ping_status":"open","sticky":false,"template":"","format":"standard","meta":{"_seopress_robots_primary_cat":"none","_seopress_titles_title":"","_seopress_titles_desc":"","_seopress_robots_index":"","_themeisle_gutenberg_block_has_review":false,"footnotes":""},"categories":[2,164,24,9],"tags":[],"class_list":["post-40725","post","type-post","status-publish","format-standard","has-post-thumbnail","hentry","category-actualidad","category-ambiente","category-obras-publicas","category-politica"],"_links":{"self":[{"href":"https:\/\/www.almargenweb.com.ar\/web\/wp-json\/wp\/v2\/posts\/40725","targetHints":{"allow":["GET"]}}],"collection":[{"href":"https:\/\/www.almargenweb.com.ar\/web\/wp-json\/wp\/v2\/posts"}],"about":[{"href":"https:\/\/www.almargenweb.com.ar\/web\/wp-json\/wp\/v2\/types\/post"}],"author":[{"embeddable":true,"href":"https:\/\/www.almargenweb.com.ar\/web\/wp-json\/wp\/v2\/users\/16"}],"replies":[{"embeddable":true,"href":"https:\/\/www.almargenweb.com.ar\/web\/wp-json\/wp\/v2\/comments?post=40725"}],"version-history":[{"count":1,"href":"https:\/\/www.almargenweb.com.ar\/web\/wp-json\/wp\/v2\/posts\/40725\/revisions"}],"predecessor-version":[{"id":40729,"href":"https:\/\/www.almargenweb.com.ar\/web\/wp-json\/wp\/v2\/posts\/40725\/revisions\/40729"}],"wp:featuredmedia":[{"embeddable":true,"href":"https:\/\/www.almargenweb.com.ar\/web\/wp-json\/wp\/v2\/media\/40728"}],"wp:attachment":[{"href":"https:\/\/www.almargenweb.com.ar\/web\/wp-json\/wp\/v2\/media?parent=40725"}],"wp:term":[{"taxonomy":"category","embeddable":true,"href":"https:\/\/www.almargenweb.com.ar\/web\/wp-json\/wp\/v2\/categories?post=40725"},{"taxonomy":"post_tag","embeddable":true,"href":"https:\/\/www.almargenweb.com.ar\/web\/wp-json\/wp\/v2\/tags?post=40725"}],"curies":[{"name":"wp","href":"https:\/\/api.w.org\/{rel}","templated":true}]}}