{"id":40710,"date":"2023-09-21T10:50:52","date_gmt":"2023-09-21T13:50:52","guid":{"rendered":"http:\/\/www.almargenweb.com.ar\/web\/?p=40710"},"modified":"2023-09-21T10:50:53","modified_gmt":"2023-09-21T13:50:53","slug":"santa-fe-en-transicion-se-concreto-la-primera-reunion-en-casa-de-gobierno","status":"publish","type":"post","link":"https:\/\/www.almargenweb.com.ar\/web\/santa-fe-en-transicion-se-concreto-la-primera-reunion-en-casa-de-gobierno\/","title":{"rendered":"Santa Fe en transici\u00f3n: se concret\u00f3 la primera reuni\u00f3n en Casa de Gobierno"},"content":{"rendered":"\n<p>Seg\u00fan lo acordado por el gobernador Omar Perotti y el gobernador electo Maximiliano Pullaro, se concret\u00f3 en la tarde de este martes la primera reuni\u00f3n de transici\u00f3n de cambio de gobierno en la provincia de Santa Fe.<\/p>\n\n\n\n<p>A las 16, en los senadores provinciales Felipe Michlig y Lisandro Enrico junto al secretario parlamentario de Diputados, Lic. Gustavo Puccini -en representaci\u00f3n del Gobernador electo Maximiliano Pullaro- llegaron al primer piso de Casa de Gobierno de la ciudad de Santa Fe, en donde fueron recibidos por los representantes del actual Gobernador, los ministros Marcos Corach y Juan Manuel Pusineri, acompa\u00f1ados por el senador Alcides Calvo.<\/p>\n\n\n\n<p>Esta primera reuni\u00f3n fue de car\u00e1cter pol\u00edtico y se discuti\u00f3 el cronograma de encuentros que mantendr\u00e1n los equipos t\u00e9cnicos en las pr\u00f3ximas semanas. All\u00ed se ir\u00e1 avanzando en un an\u00e1lisis \u00e1rea por \u00e1rea sobre la situaci\u00f3n actual de la provincia.<\/p>\n\n\n\n<p>Tal como lo hab\u00eda solicitado el gobernador electo, Maximiliano Pullaro, el gobernador de Santa Fe Omar Perotti retir\u00f3 el lunes 18 de septiembre los 42 pliegos de postulantes a magistrados y jueces comunitarios de peque\u00f1as causas que deb\u00edan tener tratamiento legislativo esta semana.<\/p>\n<!-- AddThis Advanced Settings generic via filter on the_content --><!-- AddThis Share Buttons generic via filter on the_content -->","protected":false},"excerpt":{"rendered":"<p>Seg\u00fan lo acordado por el gobernador Omar Perotti y el gobernador electo Maximiliano Pullaro, se concret\u00f3 [&hellip;]<!-- AddThis Advanced Settings generic via filter on get_the_excerpt --><!-- AddThis Share Buttons generic via filter on get_the_excerpt --><\/p>\n","protected":false},"author":16,"featured_media":40713,"comment_status":"open","ping_status":"open","sticky":false,"template":"","format":"standard","meta":{"_seopress_robots_primary_cat":"none","_seopress_titles_title":"","_seopress_titles_desc":"","_seopress_robots_index":"","_themeisle_gutenberg_block_has_review":false,"footnotes":""},"categories":[1],"tags":[],"class_list":["post-40710","post","type-post","status-publish","format-standard","has-post-thumbnail","hentry","category-sin-categoria"],"_links":{"self":[{"href":"https:\/\/www.almargenweb.com.ar\/web\/wp-json\/wp\/v2\/posts\/40710","targetHints":{"allow":["GET"]}}],"collection":[{"href":"https:\/\/www.almargenweb.com.ar\/web\/wp-json\/wp\/v2\/posts"}],"about":[{"href":"https:\/\/www.almargenweb.com.ar\/web\/wp-json\/wp\/v2\/types\/post"}],"author":[{"embeddable":true,"href":"https:\/\/www.almargenweb.com.ar\/web\/wp-json\/wp\/v2\/users\/16"}],"replies":[{"embeddable":true,"href":"https:\/\/www.almargenweb.com.ar\/web\/wp-json\/wp\/v2\/comments?post=40710"}],"version-history":[{"count":1,"href":"https:\/\/www.almargenweb.com.ar\/web\/wp-json\/wp\/v2\/posts\/40710\/revisions"}],"predecessor-version":[{"id":40714,"href":"https:\/\/www.almargenweb.com.ar\/web\/wp-json\/wp\/v2\/posts\/40710\/revisions\/40714"}],"wp:featuredmedia":[{"embeddable":true,"href":"https:\/\/www.almargenweb.com.ar\/web\/wp-json\/wp\/v2\/media\/40713"}],"wp:attachment":[{"href":"https:\/\/www.almargenweb.com.ar\/web\/wp-json\/wp\/v2\/media?parent=40710"}],"wp:term":[{"taxonomy":"category","embeddable":true,"href":"https:\/\/www.almargenweb.com.ar\/web\/wp-json\/wp\/v2\/categories?post=40710"},{"taxonomy":"post_tag","embeddable":true,"href":"https:\/\/www.almargenweb.com.ar\/web\/wp-json\/wp\/v2\/tags?post=40710"}],"curies":[{"name":"wp","href":"https:\/\/api.w.org\/{rel}","templated":true}]}}