{"id":40675,"date":"2023-09-18T09:24:01","date_gmt":"2023-09-18T12:24:01","guid":{"rendered":"http:\/\/www.almargenweb.com.ar\/web\/?p=40675"},"modified":"2023-09-18T09:24:58","modified_gmt":"2023-09-18T12:24:58","slug":"escrutinio-definitivo-y-numero-record-de-maximiliano-pullaro","status":"publish","type":"post","link":"https:\/\/www.almargenweb.com.ar\/web\/escrutinio-definitivo-y-numero-record-de-maximiliano-pullaro\/","title":{"rendered":"Escrutinio definitivo y n\u00famero r\u00e9cord de Maximiliano Pullaro"},"content":{"rendered":"\n<p>Se confirm\u00f3 el hist\u00f3rico n\u00famero de votos que obtuvo Maximiliano Pullaro para convertirse en el pr\u00f3ximo gobernador de la provincia. El radical alcanz\u00f3 el 55,71% de los sufragios y logr\u00f3 el acompa\u00f1amiento de 1.031.964 santafesinos.<\/p>\n\n\n\n<p>Ese n\u00famero convirti\u00f3 a Pullaro, en el gobernador electo con m\u00e1s votos de la historia de la provincia de Santa Fe. <\/p>\n\n\n\n<p>De esta forma, la f\u00f3rmula de &#8220;Unidos para Cambiar Santa Fe&#8221; \u2014integrada por Maximiliano Pullaro y Gisela Scaglia\u2014 sum\u00f3 m\u00e1s de 8 mil votos.<\/p>\n\n\n\n<p>En tanto, el binomio de &#8220;Juntos Avancemos&#8221; obtuvo el 29,39% de los sufragios, es decir, 544.468 votos.<\/p>\n<!-- AddThis Advanced Settings generic via filter on the_content --><!-- AddThis Share Buttons generic via filter on the_content -->","protected":false},"excerpt":{"rendered":"<p>Se confirm\u00f3 el hist\u00f3rico n\u00famero de votos que obtuvo Maximiliano Pullaro para convertirse en el pr\u00f3ximo [&hellip;]<!-- AddThis Advanced Settings generic via filter on get_the_excerpt --><!-- AddThis Share Buttons generic via filter on get_the_excerpt --><\/p>\n","protected":false},"author":16,"featured_media":40678,"comment_status":"open","ping_status":"open","sticky":false,"template":"","format":"standard","meta":{"_seopress_robots_primary_cat":"none","_seopress_titles_title":"","_seopress_titles_desc":"","_seopress_robots_index":"","_themeisle_gutenberg_block_has_review":false,"footnotes":""},"categories":[1],"tags":[],"class_list":["post-40675","post","type-post","status-publish","format-standard","has-post-thumbnail","hentry","category-sin-categoria"],"_links":{"self":[{"href":"https:\/\/www.almargenweb.com.ar\/web\/wp-json\/wp\/v2\/posts\/40675","targetHints":{"allow":["GET"]}}],"collection":[{"href":"https:\/\/www.almargenweb.com.ar\/web\/wp-json\/wp\/v2\/posts"}],"about":[{"href":"https:\/\/www.almargenweb.com.ar\/web\/wp-json\/wp\/v2\/types\/post"}],"author":[{"embeddable":true,"href":"https:\/\/www.almargenweb.com.ar\/web\/wp-json\/wp\/v2\/users\/16"}],"replies":[{"embeddable":true,"href":"https:\/\/www.almargenweb.com.ar\/web\/wp-json\/wp\/v2\/comments?post=40675"}],"version-history":[{"count":2,"href":"https:\/\/www.almargenweb.com.ar\/web\/wp-json\/wp\/v2\/posts\/40675\/revisions"}],"predecessor-version":[{"id":40680,"href":"https:\/\/www.almargenweb.com.ar\/web\/wp-json\/wp\/v2\/posts\/40675\/revisions\/40680"}],"wp:featuredmedia":[{"embeddable":true,"href":"https:\/\/www.almargenweb.com.ar\/web\/wp-json\/wp\/v2\/media\/40678"}],"wp:attachment":[{"href":"https:\/\/www.almargenweb.com.ar\/web\/wp-json\/wp\/v2\/media?parent=40675"}],"wp:term":[{"taxonomy":"category","embeddable":true,"href":"https:\/\/www.almargenweb.com.ar\/web\/wp-json\/wp\/v2\/categories?post=40675"},{"taxonomy":"post_tag","embeddable":true,"href":"https:\/\/www.almargenweb.com.ar\/web\/wp-json\/wp\/v2\/tags?post=40675"}],"curies":[{"name":"wp","href":"https:\/\/api.w.org\/{rel}","templated":true}]}}