{"id":40669,"date":"2023-09-16T19:57:39","date_gmt":"2023-09-16T22:57:39","guid":{"rendered":"http:\/\/www.almargenweb.com.ar\/web\/?p=40669"},"modified":"2023-09-16T20:39:52","modified_gmt":"2023-09-16T23:39:52","slug":"ciclo-de-cine-historias-de-nuestra-region-una-invitacion-de-la-facultad-de-ciencias-veterinarias","status":"publish","type":"post","link":"https:\/\/www.almargenweb.com.ar\/web\/ciclo-de-cine-historias-de-nuestra-region-una-invitacion-de-la-facultad-de-ciencias-veterinarias\/","title":{"rendered":"Ciclo de Cine &#8220;Historias de Nuestra Regi\u00f3n&#8221;: Una Invitaci\u00f3n de la Facultad de Ciencias Veterinarias"},"content":{"rendered":"\n<p>La Facultad de Ciencias Veterinarias invita a participar del Ciclo de Cine con la tem\u00e1tica \u00abHistorias de Nuestra Regi\u00f3n\u00bb.<\/p>\n\n\n\n<p>Esta serie de proyecciones se llevar\u00e1 a cabo durante los lunes del mes de septiembre en su primera parte.<\/p>\n\n\n\n<p>Este evento cinematogr\u00e1fico tiene como objetivo acercar a la comunidad a las historias y experiencias que conforman la rica herencia cultural y natural de nuestra regi\u00f3n.<\/p>\n\n\n\n<p>El Ciclo de Cine \u00abHistorias de Nuestra Regi\u00f3n\u00bb se realizar\u00e1 en el Anfiteatro \u00ab15 de Febrero\u00bb de la Facultad de Ciencias Veterinarias, ubicado en el Campus FAVE.<\/p>\n\n\n\n<p>La invitaci\u00f3n es abierta y gratuita para todos los interesados en descubrir o redescubrir la historia y la belleza de nuestra regi\u00f3n a trav\u00e9s del cine.<\/p>\n\n\n\n<p>Cada proyecci\u00f3n ser\u00e1 seguida de una breve discusi\u00f3n para fomentar la interacci\u00f3n y el di\u00e1logo entre los asistentes.<\/p>\n<!-- AddThis Advanced Settings generic via filter on the_content --><!-- AddThis Share Buttons generic via filter on the_content -->","protected":false},"excerpt":{"rendered":"<p>La Facultad de Ciencias Veterinarias invita a participar del Ciclo de Cine con la tem\u00e1tica \u00abHistorias [&hellip;]<!-- AddThis Advanced Settings generic via filter on get_the_excerpt --><!-- AddThis Share Buttons generic via filter on get_the_excerpt --><\/p>\n","protected":false},"author":16,"featured_media":40672,"comment_status":"open","ping_status":"open","sticky":false,"template":"","format":"standard","meta":{"_seopress_robots_primary_cat":"none","_seopress_titles_title":"","_seopress_titles_desc":"","_seopress_robots_index":"","_themeisle_gutenberg_block_has_review":false,"footnotes":""},"categories":[2,164],"tags":[],"class_list":["post-40669","post","type-post","status-publish","format-standard","has-post-thumbnail","hentry","category-actualidad","category-ambiente"],"_links":{"self":[{"href":"https:\/\/www.almargenweb.com.ar\/web\/wp-json\/wp\/v2\/posts\/40669","targetHints":{"allow":["GET"]}}],"collection":[{"href":"https:\/\/www.almargenweb.com.ar\/web\/wp-json\/wp\/v2\/posts"}],"about":[{"href":"https:\/\/www.almargenweb.com.ar\/web\/wp-json\/wp\/v2\/types\/post"}],"author":[{"embeddable":true,"href":"https:\/\/www.almargenweb.com.ar\/web\/wp-json\/wp\/v2\/users\/16"}],"replies":[{"embeddable":true,"href":"https:\/\/www.almargenweb.com.ar\/web\/wp-json\/wp\/v2\/comments?post=40669"}],"version-history":[{"count":2,"href":"https:\/\/www.almargenweb.com.ar\/web\/wp-json\/wp\/v2\/posts\/40669\/revisions"}],"predecessor-version":[{"id":40674,"href":"https:\/\/www.almargenweb.com.ar\/web\/wp-json\/wp\/v2\/posts\/40669\/revisions\/40674"}],"wp:featuredmedia":[{"embeddable":true,"href":"https:\/\/www.almargenweb.com.ar\/web\/wp-json\/wp\/v2\/media\/40672"}],"wp:attachment":[{"href":"https:\/\/www.almargenweb.com.ar\/web\/wp-json\/wp\/v2\/media?parent=40669"}],"wp:term":[{"taxonomy":"category","embeddable":true,"href":"https:\/\/www.almargenweb.com.ar\/web\/wp-json\/wp\/v2\/categories?post=40669"},{"taxonomy":"post_tag","embeddable":true,"href":"https:\/\/www.almargenweb.com.ar\/web\/wp-json\/wp\/v2\/tags?post=40669"}],"curies":[{"name":"wp","href":"https:\/\/api.w.org\/{rel}","templated":true}]}}